{"id":7468,"date":"2022-08-11T09:43:22","date_gmt":"2022-08-11T07:43:22","guid":{"rendered":"https:\/\/www.emplea-te.com\/noticias-oposiciones\/?p=7468"},"modified":"2022-08-11T09:43:22","modified_gmt":"2022-08-11T07:43:22","slug":"ayuntamiento-de-villalbilla-madrid-se-publica-la-convocatoria-para-cubrir-una-plaza-de-administrativo-c1-y-una-plaza-de-auxiliar-administrativo-c2-plazo-de-instancias-abierto-hasta-el-dia-09-09-20","status":"publish","type":"post","link":"https:\/\/www.emplea-te.com\/noticias-oposiciones\/ayuntamiento-de-villalbilla-madrid-se-publica-la-convocatoria-para-cubrir-una-plaza-de-administrativo-c1-y-una-plaza-de-auxiliar-administrativo-c2-plazo-de-instancias-abierto-hasta-el-dia-09-09-20\/","title":{"rendered":"Ayuntamiento de Villalbilla (Madrid). Se publica la convocatoria para cubrir una plaza de Administrativo C1 y una plaza de Auxiliar Administrativo C2. Plazo de instancias abierto hasta el d\u00eda 09\/09\/2022."},"content":{"rendered":"<p>Se publica en el BOE de hoy, d\u00eda 11 de agosto de 2022, la Resoluci\u00f3n\u00a0de 29 de julio de 2022, del Ayuntamiento de Villalbilla (Madrid), referente a la convocatoria para proveer varias plazas.<\/p>\n<p><strong>Plazas convocadas:\u00a0<\/strong><\/p>\n<p>1 Plaza de Administrativo C1<\/p>\n<p>1 Plaza de Auxiliar Administrativo C2<\/p>\n<p>Sistema selectivo: Concurso-oposici\u00f3n en turno libre.<\/p>\n<p><strong>Bases proceso selectivo:\u00a0<\/strong><br \/>\n<a href=\"https:\/\/www.bocm.es\/boletin\/CM_Orden_BOCM\/2022\/07\/29\/BOCM-20220729-92.PDF\" target=\"_blank\" rel=\"noopener\">En el \u00abBolet\u00edn Oficial de la Comunidad de Madrid\u00bb n\u00famero 179, de 29 de julio de 2022, se han publicado \u00edntegramente las bases que han de regir la convocatoria.\u00a0<\/a><\/p>\n<p><strong>El plazo de presentaci\u00f3n de solicitudes<\/strong> :<br \/>\nser\u00e1 de veinte d\u00edas h\u00e1biles a contar desde el siguiente al de la publicaci\u00f3n de esta resoluci\u00f3n en el \u00abBolet\u00edn Oficial del Estado\u00bb.<br \/>\nPor tanto <strong>el plazo permanecer\u00e1 abierto desde el d\u00eda 12\/08\/2022 hasta el pr\u00f3ximo 09\/09\/2022.<\/strong><\/p>\n<p>Los sucesivos anuncios referentes a esta convocatoria, cuando procedan de conformidad con las bases, se har\u00e1n p\u00fablicos en la forma prevista en las propias bases.<\/p>\n<p><a href=\"https:\/\/www.boe.es\/boe\/dias\/2022\/08\/11\/pdfs\/BOE-A-2022-13557.pdf\" target=\"_blank\" rel=\"noopener\">Accede a la Resoluci\u00f3n con su contenido \u00edntegro referente a esta convocatoria publicada en el BOE de hoy.\u00a0<\/a><\/p>\n<p><strong>PREP\u00c1RATE<\/strong><\/p>\n<p><a href=\"http:\/\/ACADEMIAMADRID.EMPLEA-TE.COM\" target=\"_blank\" rel=\"noopener\"><strong>INF\u00d3RMATE DE NUESTROS GRUPOS PRESENCIALES Y ON LINE PARA PREPARAR ESTAS PLAZAS.\u00a0<\/strong><\/a><\/p>\n<p>&nbsp;<\/p>\n","protected":false},"excerpt":{"rendered":"<p>Se publica en el BOE de hoy, d\u00eda 11 de agosto de 2022, la Resoluci\u00f3n\u00a0de 29 de julio de 2022, del Ayuntamiento de Villalbilla (Madrid), referente a la convocatoria para proveer varias plazas. Plazas convocadas:\u00a0 1 Plaza de Administrativo C1 1 Plaza de Auxiliar Administrativo C2 Sistema selectivo: Concurso-oposici\u00f3n en turno libre. Bases proceso selectivo:\u00a0 &hellip; <a href=\"https:\/\/www.emplea-te.com\/noticias-oposiciones\/ayuntamiento-de-villalbilla-madrid-se-publica-la-convocatoria-para-cubrir-una-plaza-de-administrativo-c1-y-una-plaza-de-auxiliar-administrativo-c2-plazo-de-instancias-abierto-hasta-el-dia-09-09-20\/\" class=\"more-link\">Continuar leyendo<span class=\"screen-reader-text\"> \u00abAyuntamiento de Villalbilla (Madrid). Se publica la convocatoria para cubrir una plaza de Administrativo C1 y una plaza de Auxiliar Administrativo C2. Plazo de instancias abierto hasta el d\u00eda 09\/09\/2022.\u00bb<\/span><\/a><\/p>\n","protected":false},"author":1,"featured_media":0,"comment_status":"closed","ping_status":"closed","sticky":false,"template":"","format":"standard","meta":{"footnotes":""},"categories":[109],"tags":[82,49],"class_list":["post-7468","post","type-post","status-publish","format-standard","hentry","category-oposiciones-madrid","tag-acceso-libre","tag-convocatorias-de-oposiciones"],"yoast_head":"<!-- This site is optimized with the Yoast SEO plugin v27.5 - https:\/\/yoast.com\/product\/yoast-seo-wordpress\/ -->\n<title>Ayuntamiento de Villalbilla (Madrid). Convocatoria proceso selectivo.<\/title>\n<meta name=\"description\" content=\"Ayuntamiento de Villalbilla (Madrid). Se publica la convocatoria para cubrir una plaza de Administrativo C1 y una plaza de Auxiliar Administrativo C2. Plazo de instancias abierto hasta el d\u00eda 09\/09\/2022.\" \/>\n<meta name=\"robots\" content=\"index, follow, max-snippet:-1, max-image-preview:large, max-video-preview:-1\" \/>\n<link rel=\"canonical\" href=\"https:\/\/www.emplea-te.com\/noticias-oposiciones\/ayuntamiento-de-villalbilla-madrid-se-publica-la-convocatoria-para-cubrir-una-plaza-de-administrativo-c1-y-una-plaza-de-auxiliar-administrativo-c2-plazo-de-instancias-abierto-hasta-el-dia-09-09-20\/\" \/>\n<meta property=\"og:locale\" content=\"es_ES\" \/>\n<meta property=\"og:type\" content=\"article\" \/>\n<meta property=\"og:title\" content=\"Ayuntamiento de Villalbilla (Madrid). Convocatoria proceso selectivo.\" \/>\n<meta property=\"og:description\" content=\"Ayuntamiento de Villalbilla (Madrid). Se publica la convocatoria para cubrir una plaza de Administrativo C1 y una plaza de Auxiliar Administrativo C2. Plazo de instancias abierto hasta el d\u00eda 09\/09\/2022.\" \/>\n<meta property=\"og:url\" content=\"https:\/\/www.emplea-te.com\/noticias-oposiciones\/ayuntamiento-de-villalbilla-madrid-se-publica-la-convocatoria-para-cubrir-una-plaza-de-administrativo-c1-y-una-plaza-de-auxiliar-administrativo-c2-plazo-de-instancias-abierto-hasta-el-dia-09-09-20\/\" \/>\n<meta property=\"og:site_name\" content=\"Noticas de oposiciones por Academia Emplea-te\" \/>\n<meta property=\"article:publisher\" content=\"https:\/\/www.facebook.com\/AcademiaEmpleate\/\" \/>\n<meta property=\"article:published_time\" content=\"2022-08-11T07:43:22+00:00\" \/>\n<meta name=\"author\" content=\"Empleate\" \/>\n<meta name=\"twitter:card\" content=\"summary_large_image\" \/>\n<meta name=\"twitter:creator\" content=\"@Emplea_Te\" \/>\n<meta name=\"twitter:site\" content=\"@Emplea_Te\" \/>\n<meta name=\"twitter:label1\" content=\"Escrito por\" \/>\n\t<meta name=\"twitter:data1\" content=\"Empleate\" \/>\n\t<meta name=\"twitter:label2\" content=\"Tiempo de lectura\" \/>\n\t<meta name=\"twitter:data2\" content=\"1 minuto\" \/>\n<script type=\"application\/ld+json\" class=\"yoast-schema-graph\">{\"@context\":\"https:\\\/\\\/schema.org\",\"@graph\":[{\"@type\":\"Article\",\"@id\":\"https:\\\/\\\/www.emplea-te.com\\\/noticias-oposiciones\\\/ayuntamiento-de-villalbilla-madrid-se-publica-la-convocatoria-para-cubrir-una-plaza-de-administrativo-c1-y-una-plaza-de-auxiliar-administrativo-c2-plazo-de-instancias-abierto-hasta-el-dia-09-09-20\\\/#article\",\"isPartOf\":{\"@id\":\"https:\\\/\\\/www.emplea-te.com\\\/noticias-oposiciones\\\/ayuntamiento-de-villalbilla-madrid-se-publica-la-convocatoria-para-cubrir-una-plaza-de-administrativo-c1-y-una-plaza-de-auxiliar-administrativo-c2-plazo-de-instancias-abierto-hasta-el-dia-09-09-20\\\/\"},\"author\":{\"name\":\"Empleate\",\"@id\":\"https:\\\/\\\/www.emplea-te.com\\\/noticias-oposiciones\\\/#\\\/schema\\\/person\\\/d1bc587e1af2b95e9c32aba1795509a6\"},\"headline\":\"Ayuntamiento de Villalbilla (Madrid). Se publica la convocatoria para cubrir una plaza de Administrativo C1 y una plaza de Auxiliar Administrativo C2. Plazo de instancias abierto hasta el d\u00eda 09\\\/09\\\/2022.\",\"datePublished\":\"2022-08-11T07:43:22+00:00\",\"mainEntityOfPage\":{\"@id\":\"https:\\\/\\\/www.emplea-te.com\\\/noticias-oposiciones\\\/ayuntamiento-de-villalbilla-madrid-se-publica-la-convocatoria-para-cubrir-una-plaza-de-administrativo-c1-y-una-plaza-de-auxiliar-administrativo-c2-plazo-de-instancias-abierto-hasta-el-dia-09-09-20\\\/\"},\"wordCount\":222,\"publisher\":{\"@id\":\"https:\\\/\\\/www.emplea-te.com\\\/noticias-oposiciones\\\/#organization\"},\"keywords\":[\"Acceso libre\",\"Convocatoria\"],\"articleSection\":[\"Oposiciones Madrid.\"],\"inLanguage\":\"es\"},{\"@type\":\"WebPage\",\"@id\":\"https:\\\/\\\/www.emplea-te.com\\\/noticias-oposiciones\\\/ayuntamiento-de-villalbilla-madrid-se-publica-la-convocatoria-para-cubrir-una-plaza-de-administrativo-c1-y-una-plaza-de-auxiliar-administrativo-c2-plazo-de-instancias-abierto-hasta-el-dia-09-09-20\\\/\",\"url\":\"https:\\\/\\\/www.emplea-te.com\\\/noticias-oposiciones\\\/ayuntamiento-de-villalbilla-madrid-se-publica-la-convocatoria-para-cubrir-una-plaza-de-administrativo-c1-y-una-plaza-de-auxiliar-administrativo-c2-plazo-de-instancias-abierto-hasta-el-dia-09-09-20\\\/\",\"name\":\"Ayuntamiento de Villalbilla (Madrid). Convocatoria proceso selectivo.\",\"isPartOf\":{\"@id\":\"https:\\\/\\\/www.emplea-te.com\\\/noticias-oposiciones\\\/#website\"},\"datePublished\":\"2022-08-11T07:43:22+00:00\",\"description\":\"Ayuntamiento de Villalbilla (Madrid). Se publica la convocatoria para cubrir una plaza de Administrativo C1 y una plaza de Auxiliar Administrativo C2. Plazo de instancias abierto hasta el d\u00eda 09\\\/09\\\/2022.\",\"breadcrumb\":{\"@id\":\"https:\\\/\\\/www.emplea-te.com\\\/noticias-oposiciones\\\/ayuntamiento-de-villalbilla-madrid-se-publica-la-convocatoria-para-cubrir-una-plaza-de-administrativo-c1-y-una-plaza-de-auxiliar-administrativo-c2-plazo-de-instancias-abierto-hasta-el-dia-09-09-20\\\/#breadcrumb\"},\"inLanguage\":\"es\",\"potentialAction\":[{\"@type\":\"ReadAction\",\"target\":[\"https:\\\/\\\/www.emplea-te.com\\\/noticias-oposiciones\\\/ayuntamiento-de-villalbilla-madrid-se-publica-la-convocatoria-para-cubrir-una-plaza-de-administrativo-c1-y-una-plaza-de-auxiliar-administrativo-c2-plazo-de-instancias-abierto-hasta-el-dia-09-09-20\\\/\"]}]},{\"@type\":\"BreadcrumbList\",\"@id\":\"https:\\\/\\\/www.emplea-te.com\\\/noticias-oposiciones\\\/ayuntamiento-de-villalbilla-madrid-se-publica-la-convocatoria-para-cubrir-una-plaza-de-administrativo-c1-y-una-plaza-de-auxiliar-administrativo-c2-plazo-de-instancias-abierto-hasta-el-dia-09-09-20\\\/#breadcrumb\",\"itemListElement\":[{\"@type\":\"ListItem\",\"position\":1,\"name\":\"Noticias Oposiciones\",\"item\":\"https:\\\/\\\/www.emplea-te.com\\\/noticias-oposiciones\\\/\"},{\"@type\":\"ListItem\",\"position\":2,\"name\":\"Oposiciones Madrid.\",\"item\":\"https:\\\/\\\/www.emplea-te.com\\\/noticias-oposiciones\\\/categoria\\\/oposiciones-madrid\\\/\"},{\"@type\":\"ListItem\",\"position\":3,\"name\":\"Ayuntamiento de Villalbilla (Madrid). Se publica la convocatoria para cubrir una plaza de Administrativo C1 y una plaza de Auxiliar Administrativo C2. Plazo de instancias abierto hasta el d\u00eda 09\\\/09\\\/2022.\"}]},{\"@type\":\"WebSite\",\"@id\":\"https:\\\/\\\/www.emplea-te.com\\\/noticias-oposiciones\\\/#website\",\"url\":\"https:\\\/\\\/www.emplea-te.com\\\/noticias-oposiciones\\\/\",\"name\":\"Noticas de oposiciones por Academia Emplea-te\",\"description\":\"Toda la actualidad de las ofertas y convocatorias.\",\"publisher\":{\"@id\":\"https:\\\/\\\/www.emplea-te.com\\\/noticias-oposiciones\\\/#organization\"},\"potentialAction\":[{\"@type\":\"SearchAction\",\"target\":{\"@type\":\"EntryPoint\",\"urlTemplate\":\"https:\\\/\\\/www.emplea-te.com\\\/noticias-oposiciones\\\/?s={search_term_string}\"},\"query-input\":{\"@type\":\"PropertyValueSpecification\",\"valueRequired\":true,\"valueName\":\"search_term_string\"}}],\"inLanguage\":\"es\"},{\"@type\":\"Organization\",\"@id\":\"https:\\\/\\\/www.emplea-te.com\\\/noticias-oposiciones\\\/#organization\",\"name\":\"Academia de oposiciones Empl\u00e9ate\",\"url\":\"https:\\\/\\\/www.emplea-te.com\\\/noticias-oposiciones\\\/\",\"logo\":{\"@type\":\"ImageObject\",\"inLanguage\":\"es\",\"@id\":\"https:\\\/\\\/www.emplea-te.com\\\/noticias-oposiciones\\\/#\\\/schema\\\/logo\\\/image\\\/\",\"url\":\"https:\\\/\\\/www.emplea-te.com\\\/noticias-oposiciones\\\/wp-content\\\/uploads\\\/2019\\\/04\\\/empleate.jpg\",\"contentUrl\":\"https:\\\/\\\/www.emplea-te.com\\\/noticias-oposiciones\\\/wp-content\\\/uploads\\\/2019\\\/04\\\/empleate.jpg\",\"width\":250,\"height\":150,\"caption\":\"Academia de oposiciones Empl\u00e9ate\"},\"image\":{\"@id\":\"https:\\\/\\\/www.emplea-te.com\\\/noticias-oposiciones\\\/#\\\/schema\\\/logo\\\/image\\\/\"},\"sameAs\":[\"https:\\\/\\\/www.facebook.com\\\/AcademiaEmpleate\\\/\",\"https:\\\/\\\/x.com\\\/Emplea_Te\",\"https:\\\/\\\/www.instagram.com\\\/academia_empleate\\\/\"]},{\"@type\":\"Person\",\"@id\":\"https:\\\/\\\/www.emplea-te.com\\\/noticias-oposiciones\\\/#\\\/schema\\\/person\\\/d1bc587e1af2b95e9c32aba1795509a6\",\"name\":\"Empleate\"}]}<\/script>\n<!-- \/ Yoast SEO plugin. -->","yoast_head_json":{"title":"Ayuntamiento de Villalbilla (Madrid). Convocatoria proceso selectivo.","description":"Ayuntamiento de Villalbilla (Madrid). Se publica la convocatoria para cubrir una plaza de Administrativo C1 y una plaza de Auxiliar Administrativo C2. Plazo de instancias abierto hasta el d\u00eda 09\/09\/2022.","robots":{"index":"index","follow":"follow","max-snippet":"max-snippet:-1","max-image-preview":"max-image-preview:large","max-video-preview":"max-video-preview:-1"},"canonical":"https:\/\/www.emplea-te.com\/noticias-oposiciones\/ayuntamiento-de-villalbilla-madrid-se-publica-la-convocatoria-para-cubrir-una-plaza-de-administrativo-c1-y-una-plaza-de-auxiliar-administrativo-c2-plazo-de-instancias-abierto-hasta-el-dia-09-09-20\/","og_locale":"es_ES","og_type":"article","og_title":"Ayuntamiento de Villalbilla (Madrid). Convocatoria proceso selectivo.","og_description":"Ayuntamiento de Villalbilla (Madrid). Se publica la convocatoria para cubrir una plaza de Administrativo C1 y una plaza de Auxiliar Administrativo C2. Plazo de instancias abierto hasta el d\u00eda 09\/09\/2022.","og_url":"https:\/\/www.emplea-te.com\/noticias-oposiciones\/ayuntamiento-de-villalbilla-madrid-se-publica-la-convocatoria-para-cubrir-una-plaza-de-administrativo-c1-y-una-plaza-de-auxiliar-administrativo-c2-plazo-de-instancias-abierto-hasta-el-dia-09-09-20\/","og_site_name":"Noticas de oposiciones por Academia Emplea-te","article_publisher":"https:\/\/www.facebook.com\/AcademiaEmpleate\/","article_published_time":"2022-08-11T07:43:22+00:00","author":"Empleate","twitter_card":"summary_large_image","twitter_creator":"@Emplea_Te","twitter_site":"@Emplea_Te","twitter_misc":{"Escrito por":"Empleate","Tiempo de lectura":"1 minuto"},"schema":{"@context":"https:\/\/schema.org","@graph":[{"@type":"Article","@id":"https:\/\/www.emplea-te.com\/noticias-oposiciones\/ayuntamiento-de-villalbilla-madrid-se-publica-la-convocatoria-para-cubrir-una-plaza-de-administrativo-c1-y-una-plaza-de-auxiliar-administrativo-c2-plazo-de-instancias-abierto-hasta-el-dia-09-09-20\/#article","isPartOf":{"@id":"https:\/\/www.emplea-te.com\/noticias-oposiciones\/ayuntamiento-de-villalbilla-madrid-se-publica-la-convocatoria-para-cubrir-una-plaza-de-administrativo-c1-y-una-plaza-de-auxiliar-administrativo-c2-plazo-de-instancias-abierto-hasta-el-dia-09-09-20\/"},"author":{"name":"Empleate","@id":"https:\/\/www.emplea-te.com\/noticias-oposiciones\/#\/schema\/person\/d1bc587e1af2b95e9c32aba1795509a6"},"headline":"Ayuntamiento de Villalbilla (Madrid). Se publica la convocatoria para cubrir una plaza de Administrativo C1 y una plaza de Auxiliar Administrativo C2. Plazo de instancias abierto hasta el d\u00eda 09\/09\/2022.","datePublished":"2022-08-11T07:43:22+00:00","mainEntityOfPage":{"@id":"https:\/\/www.emplea-te.com\/noticias-oposiciones\/ayuntamiento-de-villalbilla-madrid-se-publica-la-convocatoria-para-cubrir-una-plaza-de-administrativo-c1-y-una-plaza-de-auxiliar-administrativo-c2-plazo-de-instancias-abierto-hasta-el-dia-09-09-20\/"},"wordCount":222,"publisher":{"@id":"https:\/\/www.emplea-te.com\/noticias-oposiciones\/#organization"},"keywords":["Acceso libre","Convocatoria"],"articleSection":["Oposiciones Madrid."],"inLanguage":"es"},{"@type":"WebPage","@id":"https:\/\/www.emplea-te.com\/noticias-oposiciones\/ayuntamiento-de-villalbilla-madrid-se-publica-la-convocatoria-para-cubrir-una-plaza-de-administrativo-c1-y-una-plaza-de-auxiliar-administrativo-c2-plazo-de-instancias-abierto-hasta-el-dia-09-09-20\/","url":"https:\/\/www.emplea-te.com\/noticias-oposiciones\/ayuntamiento-de-villalbilla-madrid-se-publica-la-convocatoria-para-cubrir-una-plaza-de-administrativo-c1-y-una-plaza-de-auxiliar-administrativo-c2-plazo-de-instancias-abierto-hasta-el-dia-09-09-20\/","name":"Ayuntamiento de Villalbilla (Madrid). Convocatoria proceso selectivo.","isPartOf":{"@id":"https:\/\/www.emplea-te.com\/noticias-oposiciones\/#website"},"datePublished":"2022-08-11T07:43:22+00:00","description":"Ayuntamiento de Villalbilla (Madrid). Se publica la convocatoria para cubrir una plaza de Administrativo C1 y una plaza de Auxiliar Administrativo C2. Plazo de instancias abierto hasta el d\u00eda 09\/09\/2022.","breadcrumb":{"@id":"https:\/\/www.emplea-te.com\/noticias-oposiciones\/ayuntamiento-de-villalbilla-madrid-se-publica-la-convocatoria-para-cubrir-una-plaza-de-administrativo-c1-y-una-plaza-de-auxiliar-administrativo-c2-plazo-de-instancias-abierto-hasta-el-dia-09-09-20\/#breadcrumb"},"inLanguage":"es","potentialAction":[{"@type":"ReadAction","target":["https:\/\/www.emplea-te.com\/noticias-oposiciones\/ayuntamiento-de-villalbilla-madrid-se-publica-la-convocatoria-para-cubrir-una-plaza-de-administrativo-c1-y-una-plaza-de-auxiliar-administrativo-c2-plazo-de-instancias-abierto-hasta-el-dia-09-09-20\/"]}]},{"@type":"BreadcrumbList","@id":"https:\/\/www.emplea-te.com\/noticias-oposiciones\/ayuntamiento-de-villalbilla-madrid-se-publica-la-convocatoria-para-cubrir-una-plaza-de-administrativo-c1-y-una-plaza-de-auxiliar-administrativo-c2-plazo-de-instancias-abierto-hasta-el-dia-09-09-20\/#breadcrumb","itemListElement":[{"@type":"ListItem","position":1,"name":"Noticias Oposiciones","item":"https:\/\/www.emplea-te.com\/noticias-oposiciones\/"},{"@type":"ListItem","position":2,"name":"Oposiciones Madrid.","item":"https:\/\/www.emplea-te.com\/noticias-oposiciones\/categoria\/oposiciones-madrid\/"},{"@type":"ListItem","position":3,"name":"Ayuntamiento de Villalbilla (Madrid). Se publica la convocatoria para cubrir una plaza de Administrativo C1 y una plaza de Auxiliar Administrativo C2. Plazo de instancias abierto hasta el d\u00eda 09\/09\/2022."}]},{"@type":"WebSite","@id":"https:\/\/www.emplea-te.com\/noticias-oposiciones\/#website","url":"https:\/\/www.emplea-te.com\/noticias-oposiciones\/","name":"Noticas de oposiciones por Academia Emplea-te","description":"Toda la actualidad de las ofertas y convocatorias.","publisher":{"@id":"https:\/\/www.emplea-te.com\/noticias-oposiciones\/#organization"},"potentialAction":[{"@type":"SearchAction","target":{"@type":"EntryPoint","urlTemplate":"https:\/\/www.emplea-te.com\/noticias-oposiciones\/?s={search_term_string}"},"query-input":{"@type":"PropertyValueSpecification","valueRequired":true,"valueName":"search_term_string"}}],"inLanguage":"es"},{"@type":"Organization","@id":"https:\/\/www.emplea-te.com\/noticias-oposiciones\/#organization","name":"Academia de oposiciones Empl\u00e9ate","url":"https:\/\/www.emplea-te.com\/noticias-oposiciones\/","logo":{"@type":"ImageObject","inLanguage":"es","@id":"https:\/\/www.emplea-te.com\/noticias-oposiciones\/#\/schema\/logo\/image\/","url":"https:\/\/www.emplea-te.com\/noticias-oposiciones\/wp-content\/uploads\/2019\/04\/empleate.jpg","contentUrl":"https:\/\/www.emplea-te.com\/noticias-oposiciones\/wp-content\/uploads\/2019\/04\/empleate.jpg","width":250,"height":150,"caption":"Academia de oposiciones Empl\u00e9ate"},"image":{"@id":"https:\/\/www.emplea-te.com\/noticias-oposiciones\/#\/schema\/logo\/image\/"},"sameAs":["https:\/\/www.facebook.com\/AcademiaEmpleate\/","https:\/\/x.com\/Emplea_Te","https:\/\/www.instagram.com\/academia_empleate\/"]},{"@type":"Person","@id":"https:\/\/www.emplea-te.com\/noticias-oposiciones\/#\/schema\/person\/d1bc587e1af2b95e9c32aba1795509a6","name":"Empleate"}]}},"_links":{"self":[{"href":"https:\/\/www.emplea-te.com\/noticias-oposiciones\/wp-json\/wp\/v2\/posts\/7468","targetHints":{"allow":["GET"]}}],"collection":[{"href":"https:\/\/www.emplea-te.com\/noticias-oposiciones\/wp-json\/wp\/v2\/posts"}],"about":[{"href":"https:\/\/www.emplea-te.com\/noticias-oposiciones\/wp-json\/wp\/v2\/types\/post"}],"author":[{"embeddable":true,"href":"https:\/\/www.emplea-te.com\/noticias-oposiciones\/wp-json\/wp\/v2\/users\/1"}],"replies":[{"embeddable":true,"href":"https:\/\/www.emplea-te.com\/noticias-oposiciones\/wp-json\/wp\/v2\/comments?post=7468"}],"version-history":[{"count":1,"href":"https:\/\/www.emplea-te.com\/noticias-oposiciones\/wp-json\/wp\/v2\/posts\/7468\/revisions"}],"predecessor-version":[{"id":7469,"href":"https:\/\/www.emplea-te.com\/noticias-oposiciones\/wp-json\/wp\/v2\/posts\/7468\/revisions\/7469"}],"wp:attachment":[{"href":"https:\/\/www.emplea-te.com\/noticias-oposiciones\/wp-json\/wp\/v2\/media?parent=7468"}],"wp:term":[{"taxonomy":"category","embeddable":true,"href":"https:\/\/www.emplea-te.com\/noticias-oposiciones\/wp-json\/wp\/v2\/categories?post=7468"},{"taxonomy":"post_tag","embeddable":true,"href":"https:\/\/www.emplea-te.com\/noticias-oposiciones\/wp-json\/wp\/v2\/tags?post=7468"}],"curies":[{"name":"wp","href":"https:\/\/api.w.org\/{rel}","templated":true}]}}