{"id":7476,"date":"2022-08-12T10:08:09","date_gmt":"2022-08-12T08:08:09","guid":{"rendered":"https:\/\/www.emplea-te.com\/noticias-oposiciones\/?p=7476"},"modified":"2022-08-12T10:08:54","modified_gmt":"2022-08-12T08:08:54","slug":"ayuntamiento-de-san-fernando-de-henares-madrid-composicion-tribunal-y-modificacion-bases-especificas-de-la-convocatoria-para-cubrir-3-plazas-de-auxiliar-administrativo-c2-y-una-plaza-de-administrat","status":"publish","type":"post","link":"https:\/\/www.emplea-te.com\/noticias-oposiciones\/ayuntamiento-de-san-fernando-de-henares-madrid-composicion-tribunal-y-modificacion-bases-especificas-de-la-convocatoria-para-cubrir-3-plazas-de-auxiliar-administrativo-c2-y-una-plaza-de-administrat\/","title":{"rendered":"Ayuntamiento de San Fernando de Henares (Madrid). Composici\u00f3n Tribunal y Modificaci\u00f3n bases espec\u00edficas de la Convocatoria para cubrir 3 plazas de Auxiliar Administrativo C2 y una plaza de Administrativo C1."},"content":{"rendered":"<p>Se publica en el BOCM de hoy, d\u00eda 12 de agosto la modificaci\u00f3n de las bases espec\u00edficas y la composici\u00f3n del Tribunal encargado de juzgar el proceso selectivo para cubrir: 3 plazas de Auxiliar Administrativo C2 y 1 plaza de Administrativo C1.<\/p>\n<p><a href=\"https:\/\/www.bocm.es\/boletin\/CM_Orden_BOCM\/2022\/08\/12\/BOCM-20220812-52.PDF\" target=\"_blank\" rel=\"noopener\"><strong>Enlace a modificaci\u00f3n de las bases espec\u00edficas de este proceso selectivo<\/strong><\/a><\/p>\n<p><a href=\"https:\/\/www.bocm.es\/boletin\/CM_Orden_BOCM\/2022\/08\/12\/BOCM-20220812-51.PDF\" target=\"_blank\" rel=\"noopener\"><strong>Enlace a composici\u00f3n del Tribunal encargado de juzgar este proceso selectivo.<\/strong><\/a><\/p>\n<p><a href=\"https:\/\/www.ayto-sanfernando.com\/wp-content\/uploads\/2022\/01\/convocatoriaBOE.pdf\" target=\"_blank\" rel=\"noopener\"><strong>Recordamos que estas plazas han sido convocadas en el BOE n\u00famero 17 de fecha 20 de enero de 2022.<\/strong><\/a><\/p>\n<p>El sistema selectivo es el de concurso-oposici\u00f3n en turno libre.<\/p>\n<p><a href=\"http:\/\/ACADEMIAMADRID.EMPLEA-TE.COM\" target=\"_blank\" rel=\"noopener\"><strong>PREP\u00c1RATE EN NUESTROS GRUPOS PRESENCIALES Y ON LINE.\u00a0<\/strong><\/a><\/p>\n","protected":false},"excerpt":{"rendered":"<p>Se publica en el BOCM de hoy, d\u00eda 12 de agosto la modificaci\u00f3n de las bases espec\u00edficas y la composici\u00f3n del Tribunal encargado de juzgar el proceso selectivo para cubrir: 3 plazas de Auxiliar Administrativo C2 y 1 plaza de Administrativo C1. Enlace a modificaci\u00f3n de las bases espec\u00edficas de este proceso selectivo Enlace a &hellip; <a href=\"https:\/\/www.emplea-te.com\/noticias-oposiciones\/ayuntamiento-de-san-fernando-de-henares-madrid-composicion-tribunal-y-modificacion-bases-especificas-de-la-convocatoria-para-cubrir-3-plazas-de-auxiliar-administrativo-c2-y-una-plaza-de-administrat\/\" class=\"more-link\">Continuar leyendo<span class=\"screen-reader-text\"> \u00abAyuntamiento de San Fernando de Henares (Madrid). Composici\u00f3n Tribunal y Modificaci\u00f3n bases espec\u00edficas de la Convocatoria para cubrir 3 plazas de Auxiliar Administrativo C2 y una plaza de Administrativo C1.\u00bb<\/span><\/a><\/p>\n","protected":false},"author":1,"featured_media":0,"comment_status":"closed","ping_status":"closed","sticky":false,"template":"","format":"standard","meta":{"footnotes":""},"categories":[109],"tags":[49,103],"class_list":["post-7476","post","type-post","status-publish","format-standard","hentry","category-oposiciones-madrid","tag-convocatorias-de-oposiciones","tag-informacion-procesos-selectivos"],"yoast_head":"<!-- This site is optimized with the Yoast SEO plugin v27.5 - https:\/\/yoast.com\/product\/yoast-seo-wordpress\/ -->\n<title>Ayuntamiento de San Fernando de Henares (Madrid). Convocatoria .<\/title>\n<meta name=\"description\" content=\"Ayuntamiento de San Fernando de Henares (Madrid). Convocatoria proceso selectivo.\" \/>\n<meta name=\"robots\" content=\"index, follow, max-snippet:-1, max-image-preview:large, max-video-preview:-1\" \/>\n<link rel=\"canonical\" href=\"https:\/\/www.emplea-te.com\/noticias-oposiciones\/ayuntamiento-de-san-fernando-de-henares-madrid-composicion-tribunal-y-modificacion-bases-especificas-de-la-convocatoria-para-cubrir-3-plazas-de-auxiliar-administrativo-c2-y-una-plaza-de-administrat\/\" \/>\n<meta property=\"og:locale\" content=\"es_ES\" \/>\n<meta property=\"og:type\" content=\"article\" \/>\n<meta property=\"og:title\" content=\"Ayuntamiento de San Fernando de Henares (Madrid). Convocatoria .\" \/>\n<meta property=\"og:description\" content=\"Ayuntamiento de San Fernando de Henares (Madrid). Convocatoria proceso selectivo.\" \/>\n<meta property=\"og:url\" content=\"https:\/\/www.emplea-te.com\/noticias-oposiciones\/ayuntamiento-de-san-fernando-de-henares-madrid-composicion-tribunal-y-modificacion-bases-especificas-de-la-convocatoria-para-cubrir-3-plazas-de-auxiliar-administrativo-c2-y-una-plaza-de-administrat\/\" \/>\n<meta property=\"og:site_name\" content=\"Noticas de oposiciones por Academia Emplea-te\" \/>\n<meta property=\"article:publisher\" content=\"https:\/\/www.facebook.com\/AcademiaEmpleate\/\" \/>\n<meta property=\"article:published_time\" content=\"2022-08-12T08:08:09+00:00\" \/>\n<meta property=\"article:modified_time\" content=\"2022-08-12T08:08:54+00:00\" \/>\n<meta name=\"author\" content=\"Empleate\" \/>\n<meta name=\"twitter:card\" content=\"summary_large_image\" \/>\n<meta name=\"twitter:creator\" content=\"@Emplea_Te\" \/>\n<meta name=\"twitter:site\" content=\"@Emplea_Te\" \/>\n<meta name=\"twitter:label1\" content=\"Escrito por\" \/>\n\t<meta name=\"twitter:data1\" content=\"Empleate\" \/>\n\t<meta name=\"twitter:label2\" content=\"Tiempo de lectura\" \/>\n\t<meta name=\"twitter:data2\" content=\"1 minuto\" \/>\n<script type=\"application\/ld+json\" class=\"yoast-schema-graph\">{\"@context\":\"https:\\\/\\\/schema.org\",\"@graph\":[{\"@type\":\"Article\",\"@id\":\"https:\\\/\\\/www.emplea-te.com\\\/noticias-oposiciones\\\/ayuntamiento-de-san-fernando-de-henares-madrid-composicion-tribunal-y-modificacion-bases-especificas-de-la-convocatoria-para-cubrir-3-plazas-de-auxiliar-administrativo-c2-y-una-plaza-de-administrat\\\/#article\",\"isPartOf\":{\"@id\":\"https:\\\/\\\/www.emplea-te.com\\\/noticias-oposiciones\\\/ayuntamiento-de-san-fernando-de-henares-madrid-composicion-tribunal-y-modificacion-bases-especificas-de-la-convocatoria-para-cubrir-3-plazas-de-auxiliar-administrativo-c2-y-una-plaza-de-administrat\\\/\"},\"author\":{\"name\":\"Empleate\",\"@id\":\"https:\\\/\\\/www.emplea-te.com\\\/noticias-oposiciones\\\/#\\\/schema\\\/person\\\/d1bc587e1af2b95e9c32aba1795509a6\"},\"headline\":\"Ayuntamiento de San Fernando de Henares (Madrid). Composici\u00f3n Tribunal y Modificaci\u00f3n bases espec\u00edficas de la Convocatoria para cubrir 3 plazas de Auxiliar Administrativo C2 y una plaza de Administrativo C1.\",\"datePublished\":\"2022-08-12T08:08:09+00:00\",\"dateModified\":\"2022-08-12T08:08:54+00:00\",\"mainEntityOfPage\":{\"@id\":\"https:\\\/\\\/www.emplea-te.com\\\/noticias-oposiciones\\\/ayuntamiento-de-san-fernando-de-henares-madrid-composicion-tribunal-y-modificacion-bases-especificas-de-la-convocatoria-para-cubrir-3-plazas-de-auxiliar-administrativo-c2-y-una-plaza-de-administrat\\\/\"},\"wordCount\":137,\"publisher\":{\"@id\":\"https:\\\/\\\/www.emplea-te.com\\\/noticias-oposiciones\\\/#organization\"},\"keywords\":[\"Convocatoria\",\"Informaci\u00f3n procesos selectivos\"],\"articleSection\":[\"Oposiciones Madrid.\"],\"inLanguage\":\"es\"},{\"@type\":\"WebPage\",\"@id\":\"https:\\\/\\\/www.emplea-te.com\\\/noticias-oposiciones\\\/ayuntamiento-de-san-fernando-de-henares-madrid-composicion-tribunal-y-modificacion-bases-especificas-de-la-convocatoria-para-cubrir-3-plazas-de-auxiliar-administrativo-c2-y-una-plaza-de-administrat\\\/\",\"url\":\"https:\\\/\\\/www.emplea-te.com\\\/noticias-oposiciones\\\/ayuntamiento-de-san-fernando-de-henares-madrid-composicion-tribunal-y-modificacion-bases-especificas-de-la-convocatoria-para-cubrir-3-plazas-de-auxiliar-administrativo-c2-y-una-plaza-de-administrat\\\/\",\"name\":\"Ayuntamiento de San Fernando de Henares (Madrid). Convocatoria .\",\"isPartOf\":{\"@id\":\"https:\\\/\\\/www.emplea-te.com\\\/noticias-oposiciones\\\/#website\"},\"datePublished\":\"2022-08-12T08:08:09+00:00\",\"dateModified\":\"2022-08-12T08:08:54+00:00\",\"description\":\"Ayuntamiento de San Fernando de Henares (Madrid). Convocatoria proceso selectivo.\",\"breadcrumb\":{\"@id\":\"https:\\\/\\\/www.emplea-te.com\\\/noticias-oposiciones\\\/ayuntamiento-de-san-fernando-de-henares-madrid-composicion-tribunal-y-modificacion-bases-especificas-de-la-convocatoria-para-cubrir-3-plazas-de-auxiliar-administrativo-c2-y-una-plaza-de-administrat\\\/#breadcrumb\"},\"inLanguage\":\"es\",\"potentialAction\":[{\"@type\":\"ReadAction\",\"target\":[\"https:\\\/\\\/www.emplea-te.com\\\/noticias-oposiciones\\\/ayuntamiento-de-san-fernando-de-henares-madrid-composicion-tribunal-y-modificacion-bases-especificas-de-la-convocatoria-para-cubrir-3-plazas-de-auxiliar-administrativo-c2-y-una-plaza-de-administrat\\\/\"]}]},{\"@type\":\"BreadcrumbList\",\"@id\":\"https:\\\/\\\/www.emplea-te.com\\\/noticias-oposiciones\\\/ayuntamiento-de-san-fernando-de-henares-madrid-composicion-tribunal-y-modificacion-bases-especificas-de-la-convocatoria-para-cubrir-3-plazas-de-auxiliar-administrativo-c2-y-una-plaza-de-administrat\\\/#breadcrumb\",\"itemListElement\":[{\"@type\":\"ListItem\",\"position\":1,\"name\":\"Noticias Oposiciones\",\"item\":\"https:\\\/\\\/www.emplea-te.com\\\/noticias-oposiciones\\\/\"},{\"@type\":\"ListItem\",\"position\":2,\"name\":\"Oposiciones Madrid.\",\"item\":\"https:\\\/\\\/www.emplea-te.com\\\/noticias-oposiciones\\\/categoria\\\/oposiciones-madrid\\\/\"},{\"@type\":\"ListItem\",\"position\":3,\"name\":\"Ayuntamiento de San Fernando de Henares (Madrid). Composici\u00f3n Tribunal y Modificaci\u00f3n bases espec\u00edficas de la Convocatoria para cubrir 3 plazas de Auxiliar Administrativo C2 y una plaza de Administrativo C1.\"}]},{\"@type\":\"WebSite\",\"@id\":\"https:\\\/\\\/www.emplea-te.com\\\/noticias-oposiciones\\\/#website\",\"url\":\"https:\\\/\\\/www.emplea-te.com\\\/noticias-oposiciones\\\/\",\"name\":\"Noticas de oposiciones por Academia Emplea-te\",\"description\":\"Toda la actualidad de las ofertas y convocatorias.\",\"publisher\":{\"@id\":\"https:\\\/\\\/www.emplea-te.com\\\/noticias-oposiciones\\\/#organization\"},\"potentialAction\":[{\"@type\":\"SearchAction\",\"target\":{\"@type\":\"EntryPoint\",\"urlTemplate\":\"https:\\\/\\\/www.emplea-te.com\\\/noticias-oposiciones\\\/?s={search_term_string}\"},\"query-input\":{\"@type\":\"PropertyValueSpecification\",\"valueRequired\":true,\"valueName\":\"search_term_string\"}}],\"inLanguage\":\"es\"},{\"@type\":\"Organization\",\"@id\":\"https:\\\/\\\/www.emplea-te.com\\\/noticias-oposiciones\\\/#organization\",\"name\":\"Academia de oposiciones Empl\u00e9ate\",\"url\":\"https:\\\/\\\/www.emplea-te.com\\\/noticias-oposiciones\\\/\",\"logo\":{\"@type\":\"ImageObject\",\"inLanguage\":\"es\",\"@id\":\"https:\\\/\\\/www.emplea-te.com\\\/noticias-oposiciones\\\/#\\\/schema\\\/logo\\\/image\\\/\",\"url\":\"https:\\\/\\\/www.emplea-te.com\\\/noticias-oposiciones\\\/wp-content\\\/uploads\\\/2019\\\/04\\\/empleate.jpg\",\"contentUrl\":\"https:\\\/\\\/www.emplea-te.com\\\/noticias-oposiciones\\\/wp-content\\\/uploads\\\/2019\\\/04\\\/empleate.jpg\",\"width\":250,\"height\":150,\"caption\":\"Academia de oposiciones Empl\u00e9ate\"},\"image\":{\"@id\":\"https:\\\/\\\/www.emplea-te.com\\\/noticias-oposiciones\\\/#\\\/schema\\\/logo\\\/image\\\/\"},\"sameAs\":[\"https:\\\/\\\/www.facebook.com\\\/AcademiaEmpleate\\\/\",\"https:\\\/\\\/x.com\\\/Emplea_Te\",\"https:\\\/\\\/www.instagram.com\\\/academia_empleate\\\/\"]},{\"@type\":\"Person\",\"@id\":\"https:\\\/\\\/www.emplea-te.com\\\/noticias-oposiciones\\\/#\\\/schema\\\/person\\\/d1bc587e1af2b95e9c32aba1795509a6\",\"name\":\"Empleate\"}]}<\/script>\n<!-- \/ Yoast SEO plugin. -->","yoast_head_json":{"title":"Ayuntamiento de San Fernando de Henares (Madrid). Convocatoria .","description":"Ayuntamiento de San Fernando de Henares (Madrid). Convocatoria proceso selectivo.","robots":{"index":"index","follow":"follow","max-snippet":"max-snippet:-1","max-image-preview":"max-image-preview:large","max-video-preview":"max-video-preview:-1"},"canonical":"https:\/\/www.emplea-te.com\/noticias-oposiciones\/ayuntamiento-de-san-fernando-de-henares-madrid-composicion-tribunal-y-modificacion-bases-especificas-de-la-convocatoria-para-cubrir-3-plazas-de-auxiliar-administrativo-c2-y-una-plaza-de-administrat\/","og_locale":"es_ES","og_type":"article","og_title":"Ayuntamiento de San Fernando de Henares (Madrid). Convocatoria .","og_description":"Ayuntamiento de San Fernando de Henares (Madrid). Convocatoria proceso selectivo.","og_url":"https:\/\/www.emplea-te.com\/noticias-oposiciones\/ayuntamiento-de-san-fernando-de-henares-madrid-composicion-tribunal-y-modificacion-bases-especificas-de-la-convocatoria-para-cubrir-3-plazas-de-auxiliar-administrativo-c2-y-una-plaza-de-administrat\/","og_site_name":"Noticas de oposiciones por Academia Emplea-te","article_publisher":"https:\/\/www.facebook.com\/AcademiaEmpleate\/","article_published_time":"2022-08-12T08:08:09+00:00","article_modified_time":"2022-08-12T08:08:54+00:00","author":"Empleate","twitter_card":"summary_large_image","twitter_creator":"@Emplea_Te","twitter_site":"@Emplea_Te","twitter_misc":{"Escrito por":"Empleate","Tiempo de lectura":"1 minuto"},"schema":{"@context":"https:\/\/schema.org","@graph":[{"@type":"Article","@id":"https:\/\/www.emplea-te.com\/noticias-oposiciones\/ayuntamiento-de-san-fernando-de-henares-madrid-composicion-tribunal-y-modificacion-bases-especificas-de-la-convocatoria-para-cubrir-3-plazas-de-auxiliar-administrativo-c2-y-una-plaza-de-administrat\/#article","isPartOf":{"@id":"https:\/\/www.emplea-te.com\/noticias-oposiciones\/ayuntamiento-de-san-fernando-de-henares-madrid-composicion-tribunal-y-modificacion-bases-especificas-de-la-convocatoria-para-cubrir-3-plazas-de-auxiliar-administrativo-c2-y-una-plaza-de-administrat\/"},"author":{"name":"Empleate","@id":"https:\/\/www.emplea-te.com\/noticias-oposiciones\/#\/schema\/person\/d1bc587e1af2b95e9c32aba1795509a6"},"headline":"Ayuntamiento de San Fernando de Henares (Madrid). Composici\u00f3n Tribunal y Modificaci\u00f3n bases espec\u00edficas de la Convocatoria para cubrir 3 plazas de Auxiliar Administrativo C2 y una plaza de Administrativo C1.","datePublished":"2022-08-12T08:08:09+00:00","dateModified":"2022-08-12T08:08:54+00:00","mainEntityOfPage":{"@id":"https:\/\/www.emplea-te.com\/noticias-oposiciones\/ayuntamiento-de-san-fernando-de-henares-madrid-composicion-tribunal-y-modificacion-bases-especificas-de-la-convocatoria-para-cubrir-3-plazas-de-auxiliar-administrativo-c2-y-una-plaza-de-administrat\/"},"wordCount":137,"publisher":{"@id":"https:\/\/www.emplea-te.com\/noticias-oposiciones\/#organization"},"keywords":["Convocatoria","Informaci\u00f3n procesos selectivos"],"articleSection":["Oposiciones Madrid."],"inLanguage":"es"},{"@type":"WebPage","@id":"https:\/\/www.emplea-te.com\/noticias-oposiciones\/ayuntamiento-de-san-fernando-de-henares-madrid-composicion-tribunal-y-modificacion-bases-especificas-de-la-convocatoria-para-cubrir-3-plazas-de-auxiliar-administrativo-c2-y-una-plaza-de-administrat\/","url":"https:\/\/www.emplea-te.com\/noticias-oposiciones\/ayuntamiento-de-san-fernando-de-henares-madrid-composicion-tribunal-y-modificacion-bases-especificas-de-la-convocatoria-para-cubrir-3-plazas-de-auxiliar-administrativo-c2-y-una-plaza-de-administrat\/","name":"Ayuntamiento de San Fernando de Henares (Madrid). Convocatoria .","isPartOf":{"@id":"https:\/\/www.emplea-te.com\/noticias-oposiciones\/#website"},"datePublished":"2022-08-12T08:08:09+00:00","dateModified":"2022-08-12T08:08:54+00:00","description":"Ayuntamiento de San Fernando de Henares (Madrid). Convocatoria proceso selectivo.","breadcrumb":{"@id":"https:\/\/www.emplea-te.com\/noticias-oposiciones\/ayuntamiento-de-san-fernando-de-henares-madrid-composicion-tribunal-y-modificacion-bases-especificas-de-la-convocatoria-para-cubrir-3-plazas-de-auxiliar-administrativo-c2-y-una-plaza-de-administrat\/#breadcrumb"},"inLanguage":"es","potentialAction":[{"@type":"ReadAction","target":["https:\/\/www.emplea-te.com\/noticias-oposiciones\/ayuntamiento-de-san-fernando-de-henares-madrid-composicion-tribunal-y-modificacion-bases-especificas-de-la-convocatoria-para-cubrir-3-plazas-de-auxiliar-administrativo-c2-y-una-plaza-de-administrat\/"]}]},{"@type":"BreadcrumbList","@id":"https:\/\/www.emplea-te.com\/noticias-oposiciones\/ayuntamiento-de-san-fernando-de-henares-madrid-composicion-tribunal-y-modificacion-bases-especificas-de-la-convocatoria-para-cubrir-3-plazas-de-auxiliar-administrativo-c2-y-una-plaza-de-administrat\/#breadcrumb","itemListElement":[{"@type":"ListItem","position":1,"name":"Noticias Oposiciones","item":"https:\/\/www.emplea-te.com\/noticias-oposiciones\/"},{"@type":"ListItem","position":2,"name":"Oposiciones Madrid.","item":"https:\/\/www.emplea-te.com\/noticias-oposiciones\/categoria\/oposiciones-madrid\/"},{"@type":"ListItem","position":3,"name":"Ayuntamiento de San Fernando de Henares (Madrid). Composici\u00f3n Tribunal y Modificaci\u00f3n bases espec\u00edficas de la Convocatoria para cubrir 3 plazas de Auxiliar Administrativo C2 y una plaza de Administrativo C1."}]},{"@type":"WebSite","@id":"https:\/\/www.emplea-te.com\/noticias-oposiciones\/#website","url":"https:\/\/www.emplea-te.com\/noticias-oposiciones\/","name":"Noticas de oposiciones por Academia Emplea-te","description":"Toda la actualidad de las ofertas y convocatorias.","publisher":{"@id":"https:\/\/www.emplea-te.com\/noticias-oposiciones\/#organization"},"potentialAction":[{"@type":"SearchAction","target":{"@type":"EntryPoint","urlTemplate":"https:\/\/www.emplea-te.com\/noticias-oposiciones\/?s={search_term_string}"},"query-input":{"@type":"PropertyValueSpecification","valueRequired":true,"valueName":"search_term_string"}}],"inLanguage":"es"},{"@type":"Organization","@id":"https:\/\/www.emplea-te.com\/noticias-oposiciones\/#organization","name":"Academia de oposiciones Empl\u00e9ate","url":"https:\/\/www.emplea-te.com\/noticias-oposiciones\/","logo":{"@type":"ImageObject","inLanguage":"es","@id":"https:\/\/www.emplea-te.com\/noticias-oposiciones\/#\/schema\/logo\/image\/","url":"https:\/\/www.emplea-te.com\/noticias-oposiciones\/wp-content\/uploads\/2019\/04\/empleate.jpg","contentUrl":"https:\/\/www.emplea-te.com\/noticias-oposiciones\/wp-content\/uploads\/2019\/04\/empleate.jpg","width":250,"height":150,"caption":"Academia de oposiciones Empl\u00e9ate"},"image":{"@id":"https:\/\/www.emplea-te.com\/noticias-oposiciones\/#\/schema\/logo\/image\/"},"sameAs":["https:\/\/www.facebook.com\/AcademiaEmpleate\/","https:\/\/x.com\/Emplea_Te","https:\/\/www.instagram.com\/academia_empleate\/"]},{"@type":"Person","@id":"https:\/\/www.emplea-te.com\/noticias-oposiciones\/#\/schema\/person\/d1bc587e1af2b95e9c32aba1795509a6","name":"Empleate"}]}},"_links":{"self":[{"href":"https:\/\/www.emplea-te.com\/noticias-oposiciones\/wp-json\/wp\/v2\/posts\/7476","targetHints":{"allow":["GET"]}}],"collection":[{"href":"https:\/\/www.emplea-te.com\/noticias-oposiciones\/wp-json\/wp\/v2\/posts"}],"about":[{"href":"https:\/\/www.emplea-te.com\/noticias-oposiciones\/wp-json\/wp\/v2\/types\/post"}],"author":[{"embeddable":true,"href":"https:\/\/www.emplea-te.com\/noticias-oposiciones\/wp-json\/wp\/v2\/users\/1"}],"replies":[{"embeddable":true,"href":"https:\/\/www.emplea-te.com\/noticias-oposiciones\/wp-json\/wp\/v2\/comments?post=7476"}],"version-history":[{"count":1,"href":"https:\/\/www.emplea-te.com\/noticias-oposiciones\/wp-json\/wp\/v2\/posts\/7476\/revisions"}],"predecessor-version":[{"id":7477,"href":"https:\/\/www.emplea-te.com\/noticias-oposiciones\/wp-json\/wp\/v2\/posts\/7476\/revisions\/7477"}],"wp:attachment":[{"href":"https:\/\/www.emplea-te.com\/noticias-oposiciones\/wp-json\/wp\/v2\/media?parent=7476"}],"wp:term":[{"taxonomy":"category","embeddable":true,"href":"https:\/\/www.emplea-te.com\/noticias-oposiciones\/wp-json\/wp\/v2\/categories?post=7476"},{"taxonomy":"post_tag","embeddable":true,"href":"https:\/\/www.emplea-te.com\/noticias-oposiciones\/wp-json\/wp\/v2\/tags?post=7476"}],"curies":[{"name":"wp","href":"https:\/\/api.w.org\/{rel}","templated":true}]}}