{"id":7596,"date":"2022-09-05T12:22:11","date_gmt":"2022-09-05T10:22:11","guid":{"rendered":"https:\/\/www.emplea-te.com\/noticias-oposiciones\/?p=7596"},"modified":"2022-09-05T12:22:11","modified_gmt":"2022-09-05T10:22:11","slug":"comunidad-de-madrid-convocatoria-de-765-plazas-de-auxiliares-administrativos-distribucion-de-aspirantes-para-la-realizacion-del-primer-ejercicio-que-tendra-lugar-el-proximo-dia-11-de-septiembre","status":"publish","type":"post","link":"https:\/\/www.emplea-te.com\/noticias-oposiciones\/comunidad-de-madrid-convocatoria-de-765-plazas-de-auxiliares-administrativos-distribucion-de-aspirantes-para-la-realizacion-del-primer-ejercicio-que-tendra-lugar-el-proximo-dia-11-de-septiembre\/","title":{"rendered":"Comunidad de Madrid. Convocatoria de 765 plazas de Auxiliares Administrativos. Distribuci\u00f3n de aspirantes para la realizaci\u00f3n del primer ejercicio que tendr\u00e1 lugar el pr\u00f3ximo d\u00eda 11 de septiembre."},"content":{"rendered":"<p>Se publica en la Sede Electr\u00f3nica de la Comunidad de Madrid, la distribuci\u00f3n de los opositores que realizar\u00e1n el primer ejercicio de la convocatoria de 765 plazas de Auxiliar Administrativo C2.<\/p>\n<p>Este primer ejercicio tendr\u00e1 lugar el pr\u00f3ximo d\u00eda 11 de septiembre de 2022 con una primera sesi\u00f3n a las 9.00 horas y una segunda a las 13.00 horas.<\/p>\n<p>Accede desde estos enlaces a la distribuci\u00f3n y horario previstos para la realizaci\u00f3n de este ejercicio:<\/p>\n<p>&nbsp;<\/p>\n<ul>\n<li><a href=\"https:\/\/www.bocm.es\/boletin\/CM_Orden_BOCM\/2022\/06\/29\/BOCM-20220629-14.PDF\">Realizaci\u00f3n<\/a>:\u00a0<strong>11 de septiembre de 2022, primera sesi\u00f3n a las 9\u00a0horas y segunda sesi\u00f3n a las 13 horas.<\/strong><\/li>\n<li><a href=\"https:\/\/www.comunidad.madrid\/sites\/default\/files\/aud\/empleo\/1916-2019_comunicacion_adaptaciones.pdf\">Aspirantes que han solicitado adaptaci\u00f3n<\/a>\u00a0(04\/07\/2022) &#8211;\u00a0<a href=\"https:\/\/www.comunidad.madrid\/sites\/default\/files\/aud\/empleo\/1916-2019_comunicacion_adaptaciones_posteriores_10-08-22.pdf\">Otros aspirantes que han solicitado adaptaci\u00f3n<\/a>\u00a0(10\/08\/2022) &#8211;\u00a0<a href=\"https:\/\/www.comunidad.madrid\/sites\/default\/files\/doc\/empleo\/1916-2019_adaptaciones_posteriores_02-09-22.pdf\">M\u00e1s\u00a0aspirantes que han solicitado adaptaci\u00f3n<\/a>\u00a0(05\/09\/2022).<\/li>\n<li><strong>Distribuci\u00f3n de aspirantes en los lugares de realizaci\u00f3n<\/strong>\n<ul>\n<li><strong>9 horas:<\/strong><br \/>\n<a href=\"https:\/\/www.comunidad.madrid\/sites\/default\/files\/aud\/empleo\/1916-2019_libre_9_horas.pdf\">Turno libre<\/a><\/p>\n<p><a href=\"https:\/\/www.comunidad.madrid\/sites\/default\/files\/aud\/empleo\/1916-2019_adaptaciones_9_horas.pdf\">Aspirantes que han solicitado alg\u00fan tipo de adaptaci\u00f3n<\/a><\/p>\n<ul>\n<li><strong>13 horas:<\/strong>\n<ul>\n<li><a href=\"https:\/\/www.comunidad.madrid\/sites\/default\/files\/aud\/empleo\/1916-2019_libre_13_horas.pdf\">Turno libre<\/a>.<\/li>\n<li><a href=\"https:\/\/www.comunidad.madrid\/sites\/default\/files\/aud\/empleo\/1916-2019_ld_13_horas.pdf\">Cupo de discapacidad<\/a>.<\/li>\n<li><a href=\"https:\/\/www.comunidad.madrid\/sites\/default\/files\/aud\/empleo\/1916-2019_adaptaciones_13_horas.pdf\">Aspirantes que han solicitado alg\u00fan tipo de adaptaci\u00f3n<\/a>.<\/li>\n<\/ul>\n<\/li>\n<\/ul>\n<\/li>\n<\/ul>\n<\/li>\n<\/ul>\n<p>&nbsp;<\/p>\n<p>\u00a1\u00a1Suerte!!<\/p>\n<p>&nbsp;<\/p>\n","protected":false},"excerpt":{"rendered":"<p>Se publica en la Sede Electr\u00f3nica de la Comunidad de Madrid, la distribuci\u00f3n de los opositores que realizar\u00e1n el primer ejercicio de la convocatoria de 765 plazas de Auxiliar Administrativo C2. Este primer ejercicio tendr\u00e1 lugar el pr\u00f3ximo d\u00eda 11 de septiembre de 2022 con una primera sesi\u00f3n a las 9.00 horas y una segunda &hellip; <a href=\"https:\/\/www.emplea-te.com\/noticias-oposiciones\/comunidad-de-madrid-convocatoria-de-765-plazas-de-auxiliares-administrativos-distribucion-de-aspirantes-para-la-realizacion-del-primer-ejercicio-que-tendra-lugar-el-proximo-dia-11-de-septiembre\/\" class=\"more-link\">Continuar leyendo<span class=\"screen-reader-text\"> \u00abComunidad de Madrid. Convocatoria de 765 plazas de Auxiliares Administrativos. Distribuci\u00f3n de aspirantes para la realizaci\u00f3n del primer ejercicio que tendr\u00e1 lugar el pr\u00f3ximo d\u00eda 11 de septiembre.\u00bb<\/span><\/a><\/p>\n","protected":false},"author":1,"featured_media":0,"comment_status":"closed","ping_status":"closed","sticky":false,"template":"","format":"standard","meta":{"footnotes":""},"categories":[109],"tags":[82,49,71],"class_list":["post-7596","post","type-post","status-publish","format-standard","hentry","category-oposiciones-madrid","tag-acceso-libre","tag-convocatorias-de-oposiciones","tag-fecha-examenes"],"yoast_head":"<!-- This site is optimized with the Yoast SEO plugin v27.3 - https:\/\/yoast.com\/product\/yoast-seo-wordpress\/ -->\n<title>Comunidad de Madrid. Convocatoria Proceso selectivo.<\/title>\n<meta name=\"description\" content=\"Comunidad de Madrid. Convocatoria de 765 plazas de Auxiliares Administrativos. Distribuci\u00f3n de aspirantes para la realizaci\u00f3n del primer ejercicio que tendr\u00e1 lugar el pr\u00f3ximo d\u00eda 11 de septiembre.\" \/>\n<meta name=\"robots\" content=\"index, follow, max-snippet:-1, max-image-preview:large, max-video-preview:-1\" \/>\n<link rel=\"canonical\" href=\"https:\/\/www.emplea-te.com\/noticias-oposiciones\/comunidad-de-madrid-convocatoria-de-765-plazas-de-auxiliares-administrativos-distribucion-de-aspirantes-para-la-realizacion-del-primer-ejercicio-que-tendra-lugar-el-proximo-dia-11-de-septiembre\/\" \/>\n<meta property=\"og:locale\" content=\"es_ES\" \/>\n<meta property=\"og:type\" content=\"article\" \/>\n<meta property=\"og:title\" content=\"Comunidad de Madrid. Convocatoria Proceso selectivo.\" \/>\n<meta property=\"og:description\" content=\"Comunidad de Madrid. Convocatoria de 765 plazas de Auxiliares Administrativos. Distribuci\u00f3n de aspirantes para la realizaci\u00f3n del primer ejercicio que tendr\u00e1 lugar el pr\u00f3ximo d\u00eda 11 de septiembre.\" \/>\n<meta property=\"og:url\" content=\"https:\/\/www.emplea-te.com\/noticias-oposiciones\/comunidad-de-madrid-convocatoria-de-765-plazas-de-auxiliares-administrativos-distribucion-de-aspirantes-para-la-realizacion-del-primer-ejercicio-que-tendra-lugar-el-proximo-dia-11-de-septiembre\/\" \/>\n<meta property=\"og:site_name\" content=\"Noticas de oposiciones por Academia Emplea-te\" \/>\n<meta property=\"article:publisher\" content=\"https:\/\/www.facebook.com\/AcademiaEmpleate\/\" \/>\n<meta property=\"article:published_time\" content=\"2022-09-05T10:22:11+00:00\" \/>\n<meta name=\"author\" content=\"Empleate\" \/>\n<meta name=\"twitter:card\" content=\"summary_large_image\" \/>\n<meta name=\"twitter:creator\" content=\"@Emplea_Te\" \/>\n<meta name=\"twitter:site\" content=\"@Emplea_Te\" \/>\n<meta name=\"twitter:label1\" content=\"Escrito por\" \/>\n\t<meta name=\"twitter:data1\" content=\"Empleate\" \/>\n\t<meta name=\"twitter:label2\" content=\"Tiempo de lectura\" \/>\n\t<meta name=\"twitter:data2\" content=\"1 minuto\" \/>\n<script type=\"application\/ld+json\" class=\"yoast-schema-graph\">{\"@context\":\"https:\\\/\\\/schema.org\",\"@graph\":[{\"@type\":\"Article\",\"@id\":\"https:\\\/\\\/www.emplea-te.com\\\/noticias-oposiciones\\\/comunidad-de-madrid-convocatoria-de-765-plazas-de-auxiliares-administrativos-distribucion-de-aspirantes-para-la-realizacion-del-primer-ejercicio-que-tendra-lugar-el-proximo-dia-11-de-septiembre\\\/#article\",\"isPartOf\":{\"@id\":\"https:\\\/\\\/www.emplea-te.com\\\/noticias-oposiciones\\\/comunidad-de-madrid-convocatoria-de-765-plazas-de-auxiliares-administrativos-distribucion-de-aspirantes-para-la-realizacion-del-primer-ejercicio-que-tendra-lugar-el-proximo-dia-11-de-septiembre\\\/\"},\"author\":{\"name\":\"Empleate\",\"@id\":\"https:\\\/\\\/www.emplea-te.com\\\/noticias-oposiciones\\\/#\\\/schema\\\/person\\\/d1bc587e1af2b95e9c32aba1795509a6\"},\"headline\":\"Comunidad de Madrid. Convocatoria de 765 plazas de Auxiliares Administrativos. Distribuci\u00f3n de aspirantes para la realizaci\u00f3n del primer ejercicio que tendr\u00e1 lugar el pr\u00f3ximo d\u00eda 11 de septiembre.\",\"datePublished\":\"2022-09-05T10:22:11+00:00\",\"mainEntityOfPage\":{\"@id\":\"https:\\\/\\\/www.emplea-te.com\\\/noticias-oposiciones\\\/comunidad-de-madrid-convocatoria-de-765-plazas-de-auxiliares-administrativos-distribucion-de-aspirantes-para-la-realizacion-del-primer-ejercicio-que-tendra-lugar-el-proximo-dia-11-de-septiembre\\\/\"},\"wordCount\":192,\"publisher\":{\"@id\":\"https:\\\/\\\/www.emplea-te.com\\\/noticias-oposiciones\\\/#organization\"},\"keywords\":[\"Acceso libre\",\"Convocatoria\",\"Fecha ex\u00e1menes\"],\"articleSection\":[\"Oposiciones Madrid.\"],\"inLanguage\":\"es\"},{\"@type\":\"WebPage\",\"@id\":\"https:\\\/\\\/www.emplea-te.com\\\/noticias-oposiciones\\\/comunidad-de-madrid-convocatoria-de-765-plazas-de-auxiliares-administrativos-distribucion-de-aspirantes-para-la-realizacion-del-primer-ejercicio-que-tendra-lugar-el-proximo-dia-11-de-septiembre\\\/\",\"url\":\"https:\\\/\\\/www.emplea-te.com\\\/noticias-oposiciones\\\/comunidad-de-madrid-convocatoria-de-765-plazas-de-auxiliares-administrativos-distribucion-de-aspirantes-para-la-realizacion-del-primer-ejercicio-que-tendra-lugar-el-proximo-dia-11-de-septiembre\\\/\",\"name\":\"Comunidad de Madrid. Convocatoria Proceso selectivo.\",\"isPartOf\":{\"@id\":\"https:\\\/\\\/www.emplea-te.com\\\/noticias-oposiciones\\\/#website\"},\"datePublished\":\"2022-09-05T10:22:11+00:00\",\"description\":\"Comunidad de Madrid. Convocatoria de 765 plazas de Auxiliares Administrativos. Distribuci\u00f3n de aspirantes para la realizaci\u00f3n del primer ejercicio que tendr\u00e1 lugar el pr\u00f3ximo d\u00eda 11 de septiembre.\",\"breadcrumb\":{\"@id\":\"https:\\\/\\\/www.emplea-te.com\\\/noticias-oposiciones\\\/comunidad-de-madrid-convocatoria-de-765-plazas-de-auxiliares-administrativos-distribucion-de-aspirantes-para-la-realizacion-del-primer-ejercicio-que-tendra-lugar-el-proximo-dia-11-de-septiembre\\\/#breadcrumb\"},\"inLanguage\":\"es\",\"potentialAction\":[{\"@type\":\"ReadAction\",\"target\":[\"https:\\\/\\\/www.emplea-te.com\\\/noticias-oposiciones\\\/comunidad-de-madrid-convocatoria-de-765-plazas-de-auxiliares-administrativos-distribucion-de-aspirantes-para-la-realizacion-del-primer-ejercicio-que-tendra-lugar-el-proximo-dia-11-de-septiembre\\\/\"]}]},{\"@type\":\"BreadcrumbList\",\"@id\":\"https:\\\/\\\/www.emplea-te.com\\\/noticias-oposiciones\\\/comunidad-de-madrid-convocatoria-de-765-plazas-de-auxiliares-administrativos-distribucion-de-aspirantes-para-la-realizacion-del-primer-ejercicio-que-tendra-lugar-el-proximo-dia-11-de-septiembre\\\/#breadcrumb\",\"itemListElement\":[{\"@type\":\"ListItem\",\"position\":1,\"name\":\"Noticias Oposiciones\",\"item\":\"https:\\\/\\\/www.emplea-te.com\\\/noticias-oposiciones\\\/\"},{\"@type\":\"ListItem\",\"position\":2,\"name\":\"Oposiciones Madrid.\",\"item\":\"https:\\\/\\\/www.emplea-te.com\\\/noticias-oposiciones\\\/categoria\\\/oposiciones-madrid\\\/\"},{\"@type\":\"ListItem\",\"position\":3,\"name\":\"Comunidad de Madrid. Convocatoria de 765 plazas de Auxiliares Administrativos. Distribuci\u00f3n de aspirantes para la realizaci\u00f3n del primer ejercicio que tendr\u00e1 lugar el pr\u00f3ximo d\u00eda 11 de septiembre.\"}]},{\"@type\":\"WebSite\",\"@id\":\"https:\\\/\\\/www.emplea-te.com\\\/noticias-oposiciones\\\/#website\",\"url\":\"https:\\\/\\\/www.emplea-te.com\\\/noticias-oposiciones\\\/\",\"name\":\"Noticas de oposiciones por Academia Emplea-te\",\"description\":\"Toda la actualidad de las ofertas y convocatorias.\",\"publisher\":{\"@id\":\"https:\\\/\\\/www.emplea-te.com\\\/noticias-oposiciones\\\/#organization\"},\"potentialAction\":[{\"@type\":\"SearchAction\",\"target\":{\"@type\":\"EntryPoint\",\"urlTemplate\":\"https:\\\/\\\/www.emplea-te.com\\\/noticias-oposiciones\\\/?s={search_term_string}\"},\"query-input\":{\"@type\":\"PropertyValueSpecification\",\"valueRequired\":true,\"valueName\":\"search_term_string\"}}],\"inLanguage\":\"es\"},{\"@type\":\"Organization\",\"@id\":\"https:\\\/\\\/www.emplea-te.com\\\/noticias-oposiciones\\\/#organization\",\"name\":\"Academia de oposiciones Empl\u00e9ate\",\"url\":\"https:\\\/\\\/www.emplea-te.com\\\/noticias-oposiciones\\\/\",\"logo\":{\"@type\":\"ImageObject\",\"inLanguage\":\"es\",\"@id\":\"https:\\\/\\\/www.emplea-te.com\\\/noticias-oposiciones\\\/#\\\/schema\\\/logo\\\/image\\\/\",\"url\":\"https:\\\/\\\/www.emplea-te.com\\\/noticias-oposiciones\\\/wp-content\\\/uploads\\\/2019\\\/04\\\/empleate.jpg\",\"contentUrl\":\"https:\\\/\\\/www.emplea-te.com\\\/noticias-oposiciones\\\/wp-content\\\/uploads\\\/2019\\\/04\\\/empleate.jpg\",\"width\":250,\"height\":150,\"caption\":\"Academia de oposiciones Empl\u00e9ate\"},\"image\":{\"@id\":\"https:\\\/\\\/www.emplea-te.com\\\/noticias-oposiciones\\\/#\\\/schema\\\/logo\\\/image\\\/\"},\"sameAs\":[\"https:\\\/\\\/www.facebook.com\\\/AcademiaEmpleate\\\/\",\"https:\\\/\\\/x.com\\\/Emplea_Te\",\"https:\\\/\\\/www.instagram.com\\\/academia_empleate\\\/\"]},{\"@type\":\"Person\",\"@id\":\"https:\\\/\\\/www.emplea-te.com\\\/noticias-oposiciones\\\/#\\\/schema\\\/person\\\/d1bc587e1af2b95e9c32aba1795509a6\",\"name\":\"Empleate\"}]}<\/script>\n<!-- \/ Yoast SEO plugin. -->","yoast_head_json":{"title":"Comunidad de Madrid. Convocatoria Proceso selectivo.","description":"Comunidad de Madrid. Convocatoria de 765 plazas de Auxiliares Administrativos. Distribuci\u00f3n de aspirantes para la realizaci\u00f3n del primer ejercicio que tendr\u00e1 lugar el pr\u00f3ximo d\u00eda 11 de septiembre.","robots":{"index":"index","follow":"follow","max-snippet":"max-snippet:-1","max-image-preview":"max-image-preview:large","max-video-preview":"max-video-preview:-1"},"canonical":"https:\/\/www.emplea-te.com\/noticias-oposiciones\/comunidad-de-madrid-convocatoria-de-765-plazas-de-auxiliares-administrativos-distribucion-de-aspirantes-para-la-realizacion-del-primer-ejercicio-que-tendra-lugar-el-proximo-dia-11-de-septiembre\/","og_locale":"es_ES","og_type":"article","og_title":"Comunidad de Madrid. Convocatoria Proceso selectivo.","og_description":"Comunidad de Madrid. Convocatoria de 765 plazas de Auxiliares Administrativos. Distribuci\u00f3n de aspirantes para la realizaci\u00f3n del primer ejercicio que tendr\u00e1 lugar el pr\u00f3ximo d\u00eda 11 de septiembre.","og_url":"https:\/\/www.emplea-te.com\/noticias-oposiciones\/comunidad-de-madrid-convocatoria-de-765-plazas-de-auxiliares-administrativos-distribucion-de-aspirantes-para-la-realizacion-del-primer-ejercicio-que-tendra-lugar-el-proximo-dia-11-de-septiembre\/","og_site_name":"Noticas de oposiciones por Academia Emplea-te","article_publisher":"https:\/\/www.facebook.com\/AcademiaEmpleate\/","article_published_time":"2022-09-05T10:22:11+00:00","author":"Empleate","twitter_card":"summary_large_image","twitter_creator":"@Emplea_Te","twitter_site":"@Emplea_Te","twitter_misc":{"Escrito por":"Empleate","Tiempo de lectura":"1 minuto"},"schema":{"@context":"https:\/\/schema.org","@graph":[{"@type":"Article","@id":"https:\/\/www.emplea-te.com\/noticias-oposiciones\/comunidad-de-madrid-convocatoria-de-765-plazas-de-auxiliares-administrativos-distribucion-de-aspirantes-para-la-realizacion-del-primer-ejercicio-que-tendra-lugar-el-proximo-dia-11-de-septiembre\/#article","isPartOf":{"@id":"https:\/\/www.emplea-te.com\/noticias-oposiciones\/comunidad-de-madrid-convocatoria-de-765-plazas-de-auxiliares-administrativos-distribucion-de-aspirantes-para-la-realizacion-del-primer-ejercicio-que-tendra-lugar-el-proximo-dia-11-de-septiembre\/"},"author":{"name":"Empleate","@id":"https:\/\/www.emplea-te.com\/noticias-oposiciones\/#\/schema\/person\/d1bc587e1af2b95e9c32aba1795509a6"},"headline":"Comunidad de Madrid. Convocatoria de 765 plazas de Auxiliares Administrativos. Distribuci\u00f3n de aspirantes para la realizaci\u00f3n del primer ejercicio que tendr\u00e1 lugar el pr\u00f3ximo d\u00eda 11 de septiembre.","datePublished":"2022-09-05T10:22:11+00:00","mainEntityOfPage":{"@id":"https:\/\/www.emplea-te.com\/noticias-oposiciones\/comunidad-de-madrid-convocatoria-de-765-plazas-de-auxiliares-administrativos-distribucion-de-aspirantes-para-la-realizacion-del-primer-ejercicio-que-tendra-lugar-el-proximo-dia-11-de-septiembre\/"},"wordCount":192,"publisher":{"@id":"https:\/\/www.emplea-te.com\/noticias-oposiciones\/#organization"},"keywords":["Acceso libre","Convocatoria","Fecha ex\u00e1menes"],"articleSection":["Oposiciones Madrid."],"inLanguage":"es"},{"@type":"WebPage","@id":"https:\/\/www.emplea-te.com\/noticias-oposiciones\/comunidad-de-madrid-convocatoria-de-765-plazas-de-auxiliares-administrativos-distribucion-de-aspirantes-para-la-realizacion-del-primer-ejercicio-que-tendra-lugar-el-proximo-dia-11-de-septiembre\/","url":"https:\/\/www.emplea-te.com\/noticias-oposiciones\/comunidad-de-madrid-convocatoria-de-765-plazas-de-auxiliares-administrativos-distribucion-de-aspirantes-para-la-realizacion-del-primer-ejercicio-que-tendra-lugar-el-proximo-dia-11-de-septiembre\/","name":"Comunidad de Madrid. Convocatoria Proceso selectivo.","isPartOf":{"@id":"https:\/\/www.emplea-te.com\/noticias-oposiciones\/#website"},"datePublished":"2022-09-05T10:22:11+00:00","description":"Comunidad de Madrid. Convocatoria de 765 plazas de Auxiliares Administrativos. Distribuci\u00f3n de aspirantes para la realizaci\u00f3n del primer ejercicio que tendr\u00e1 lugar el pr\u00f3ximo d\u00eda 11 de septiembre.","breadcrumb":{"@id":"https:\/\/www.emplea-te.com\/noticias-oposiciones\/comunidad-de-madrid-convocatoria-de-765-plazas-de-auxiliares-administrativos-distribucion-de-aspirantes-para-la-realizacion-del-primer-ejercicio-que-tendra-lugar-el-proximo-dia-11-de-septiembre\/#breadcrumb"},"inLanguage":"es","potentialAction":[{"@type":"ReadAction","target":["https:\/\/www.emplea-te.com\/noticias-oposiciones\/comunidad-de-madrid-convocatoria-de-765-plazas-de-auxiliares-administrativos-distribucion-de-aspirantes-para-la-realizacion-del-primer-ejercicio-que-tendra-lugar-el-proximo-dia-11-de-septiembre\/"]}]},{"@type":"BreadcrumbList","@id":"https:\/\/www.emplea-te.com\/noticias-oposiciones\/comunidad-de-madrid-convocatoria-de-765-plazas-de-auxiliares-administrativos-distribucion-de-aspirantes-para-la-realizacion-del-primer-ejercicio-que-tendra-lugar-el-proximo-dia-11-de-septiembre\/#breadcrumb","itemListElement":[{"@type":"ListItem","position":1,"name":"Noticias Oposiciones","item":"https:\/\/www.emplea-te.com\/noticias-oposiciones\/"},{"@type":"ListItem","position":2,"name":"Oposiciones Madrid.","item":"https:\/\/www.emplea-te.com\/noticias-oposiciones\/categoria\/oposiciones-madrid\/"},{"@type":"ListItem","position":3,"name":"Comunidad de Madrid. Convocatoria de 765 plazas de Auxiliares Administrativos. Distribuci\u00f3n de aspirantes para la realizaci\u00f3n del primer ejercicio que tendr\u00e1 lugar el pr\u00f3ximo d\u00eda 11 de septiembre."}]},{"@type":"WebSite","@id":"https:\/\/www.emplea-te.com\/noticias-oposiciones\/#website","url":"https:\/\/www.emplea-te.com\/noticias-oposiciones\/","name":"Noticas de oposiciones por Academia Emplea-te","description":"Toda la actualidad de las ofertas y convocatorias.","publisher":{"@id":"https:\/\/www.emplea-te.com\/noticias-oposiciones\/#organization"},"potentialAction":[{"@type":"SearchAction","target":{"@type":"EntryPoint","urlTemplate":"https:\/\/www.emplea-te.com\/noticias-oposiciones\/?s={search_term_string}"},"query-input":{"@type":"PropertyValueSpecification","valueRequired":true,"valueName":"search_term_string"}}],"inLanguage":"es"},{"@type":"Organization","@id":"https:\/\/www.emplea-te.com\/noticias-oposiciones\/#organization","name":"Academia de oposiciones Empl\u00e9ate","url":"https:\/\/www.emplea-te.com\/noticias-oposiciones\/","logo":{"@type":"ImageObject","inLanguage":"es","@id":"https:\/\/www.emplea-te.com\/noticias-oposiciones\/#\/schema\/logo\/image\/","url":"https:\/\/www.emplea-te.com\/noticias-oposiciones\/wp-content\/uploads\/2019\/04\/empleate.jpg","contentUrl":"https:\/\/www.emplea-te.com\/noticias-oposiciones\/wp-content\/uploads\/2019\/04\/empleate.jpg","width":250,"height":150,"caption":"Academia de oposiciones Empl\u00e9ate"},"image":{"@id":"https:\/\/www.emplea-te.com\/noticias-oposiciones\/#\/schema\/logo\/image\/"},"sameAs":["https:\/\/www.facebook.com\/AcademiaEmpleate\/","https:\/\/x.com\/Emplea_Te","https:\/\/www.instagram.com\/academia_empleate\/"]},{"@type":"Person","@id":"https:\/\/www.emplea-te.com\/noticias-oposiciones\/#\/schema\/person\/d1bc587e1af2b95e9c32aba1795509a6","name":"Empleate"}]}},"_links":{"self":[{"href":"https:\/\/www.emplea-te.com\/noticias-oposiciones\/wp-json\/wp\/v2\/posts\/7596","targetHints":{"allow":["GET"]}}],"collection":[{"href":"https:\/\/www.emplea-te.com\/noticias-oposiciones\/wp-json\/wp\/v2\/posts"}],"about":[{"href":"https:\/\/www.emplea-te.com\/noticias-oposiciones\/wp-json\/wp\/v2\/types\/post"}],"author":[{"embeddable":true,"href":"https:\/\/www.emplea-te.com\/noticias-oposiciones\/wp-json\/wp\/v2\/users\/1"}],"replies":[{"embeddable":true,"href":"https:\/\/www.emplea-te.com\/noticias-oposiciones\/wp-json\/wp\/v2\/comments?post=7596"}],"version-history":[{"count":1,"href":"https:\/\/www.emplea-te.com\/noticias-oposiciones\/wp-json\/wp\/v2\/posts\/7596\/revisions"}],"predecessor-version":[{"id":7597,"href":"https:\/\/www.emplea-te.com\/noticias-oposiciones\/wp-json\/wp\/v2\/posts\/7596\/revisions\/7597"}],"wp:attachment":[{"href":"https:\/\/www.emplea-te.com\/noticias-oposiciones\/wp-json\/wp\/v2\/media?parent=7596"}],"wp:term":[{"taxonomy":"category","embeddable":true,"href":"https:\/\/www.emplea-te.com\/noticias-oposiciones\/wp-json\/wp\/v2\/categories?post=7596"},{"taxonomy":"post_tag","embeddable":true,"href":"https:\/\/www.emplea-te.com\/noticias-oposiciones\/wp-json\/wp\/v2\/tags?post=7596"}],"curies":[{"name":"wp","href":"https:\/\/api.w.org\/{rel}","templated":true}]}}