{"id":7808,"date":"2022-10-05T12:19:15","date_gmt":"2022-10-05T10:19:15","guid":{"rendered":"https:\/\/www.emplea-te.com\/noticias-oposiciones\/?p=7808"},"modified":"2022-10-05T12:19:15","modified_gmt":"2022-10-05T10:19:15","slug":"xunta-de-galicia-cuerpo-auxiliar-administrativo-c2-se-publica-la-baremacion-definitiva-de-la-fase-de-concurso-y-la-puntuacion-obtenida-por-cada-uno-de-los-aspirantes","status":"publish","type":"post","link":"https:\/\/www.emplea-te.com\/noticias-oposiciones\/xunta-de-galicia-cuerpo-auxiliar-administrativo-c2-se-publica-la-baremacion-definitiva-de-la-fase-de-concurso-y-la-puntuacion-obtenida-por-cada-uno-de-los-aspirantes\/","title":{"rendered":"Xunta de Galicia. Cuerpo Auxiliar Administrativo C2. Se publica la baremaci\u00f3n definitiva de la fase de concurso y la puntuaci\u00f3n obtenida por cada uno de los aspirantes."},"content":{"rendered":"<p>Se publica en la Web de Funci\u00f3n P\u00fablica de la Xunta de Galicia, el ACUERDO de 3 de octubre de 2022, del tribunal calificador del proceso selectivo para el ingreso, por el turno de acceso libre, en el cuerpo auxiliar de la Administraci\u00f3n general de la Comunidad Aut\u00f3noma de Galicia, subgrupo C2, convocado por Orden de 22 de noviembre de 2019 (DOG n\u00fam. 224, de 25 de noviembre) por la que se hace p\u00fablica la baremaci\u00f3n definitiva de la fase de concurso.<\/p>\n<p>&nbsp;<\/p>\n<p><a href=\"http:\/\/www.xunta.es\/rcp\/listas\/rcp_opo\/opo_visor_novas.jsp?urlAcceso=59J88M102V105O103F115C114W124R105D121C109S121P121Q117B120E63A52I52O124O124F124E51Y125P122G115A121N102Z51G108G102H113C52D105F125K107P117J52T75H122D115B104E110Z116S115R102R119D110S116E120K52Q55Z53E54H62C52M72W55H52W104P116A115W104P122R119Y120D116W52Y103C102D119C106I114S102Y104M110G116T115C100F105X106G107Y110O115P110Y121D110A123D102G51N117V105A107E103K111X109J115A121Y116R88N106K109X56A&amp;controlAcceso=104N57K116C103T123F118W106T123T71I127M53C58G54Q53E55P53I55A55Z95G119U126K59Q123Y107N104J121E126X118P\" target=\"_blank\" rel=\"noopener\"><strong>Desde este enlace puedes acceder a la baremaci\u00f3n definitiva de la fase de concurso y a las puntuaciones obtenidas por cada uno de los aspirantes.\u00a0<\/strong><\/a><\/p>\n<p>&nbsp;<\/p>\n<p>&nbsp;<\/p>\n","protected":false},"excerpt":{"rendered":"<p>Se publica en la Web de Funci\u00f3n P\u00fablica de la Xunta de Galicia, el ACUERDO de 3 de octubre de 2022, del tribunal calificador del proceso selectivo para el ingreso, por el turno de acceso libre, en el cuerpo auxiliar de la Administraci\u00f3n general de la Comunidad Aut\u00f3noma de Galicia, subgrupo C2, convocado por Orden &hellip; <a href=\"https:\/\/www.emplea-te.com\/noticias-oposiciones\/xunta-de-galicia-cuerpo-auxiliar-administrativo-c2-se-publica-la-baremacion-definitiva-de-la-fase-de-concurso-y-la-puntuacion-obtenida-por-cada-uno-de-los-aspirantes\/\" class=\"more-link\">Continuar leyendo<span class=\"screen-reader-text\"> \u00abXunta de Galicia. Cuerpo Auxiliar Administrativo C2. Se publica la baremaci\u00f3n definitiva de la fase de concurso y la puntuaci\u00f3n obtenida por cada uno de los aspirantes.\u00bb<\/span><\/a><\/p>\n","protected":false},"author":1,"featured_media":0,"comment_status":"closed","ping_status":"closed","sticky":false,"template":"","format":"standard","meta":{"footnotes":""},"categories":[4],"tags":[82,88,103],"class_list":["post-7808","post","type-post","status-publish","format-standard","hentry","category-oposiciones-xunta","tag-acceso-libre","tag-aprobados-proceso-selectivo","tag-informacion-procesos-selectivos"],"yoast_head":"<!-- This site is optimized with the Yoast SEO plugin v27.3 - https:\/\/yoast.com\/product\/yoast-seo-wordpress\/ -->\n<title>Xunta de Galicia. Cuerpo Auxiliar Administrativo C2.<\/title>\n<meta name=\"description\" content=\"Xunta de Galicia. Cuerpo Auxiliar Administrativo C2. Se publica la baremaci\u00f3n definitiva de la fase de concurso y la puntuaci\u00f3n obtenida por cada uno de los aspirantes.\" \/>\n<meta name=\"robots\" content=\"index, follow, max-snippet:-1, max-image-preview:large, max-video-preview:-1\" \/>\n<link rel=\"canonical\" href=\"https:\/\/www.emplea-te.com\/noticias-oposiciones\/xunta-de-galicia-cuerpo-auxiliar-administrativo-c2-se-publica-la-baremacion-definitiva-de-la-fase-de-concurso-y-la-puntuacion-obtenida-por-cada-uno-de-los-aspirantes\/\" \/>\n<meta property=\"og:locale\" content=\"es_ES\" \/>\n<meta property=\"og:type\" content=\"article\" \/>\n<meta property=\"og:title\" content=\"Xunta de Galicia. Cuerpo Auxiliar Administrativo C2.\" \/>\n<meta property=\"og:description\" content=\"Xunta de Galicia. Cuerpo Auxiliar Administrativo C2. Se publica la baremaci\u00f3n definitiva de la fase de concurso y la puntuaci\u00f3n obtenida por cada uno de los aspirantes.\" \/>\n<meta property=\"og:url\" content=\"https:\/\/www.emplea-te.com\/noticias-oposiciones\/xunta-de-galicia-cuerpo-auxiliar-administrativo-c2-se-publica-la-baremacion-definitiva-de-la-fase-de-concurso-y-la-puntuacion-obtenida-por-cada-uno-de-los-aspirantes\/\" \/>\n<meta property=\"og:site_name\" content=\"Noticas de oposiciones por Academia Emplea-te\" \/>\n<meta property=\"article:publisher\" content=\"https:\/\/www.facebook.com\/AcademiaEmpleate\/\" \/>\n<meta property=\"article:published_time\" content=\"2022-10-05T10:19:15+00:00\" \/>\n<meta name=\"author\" content=\"Empleate\" \/>\n<meta name=\"twitter:card\" content=\"summary_large_image\" \/>\n<meta name=\"twitter:creator\" content=\"@Emplea_Te\" \/>\n<meta name=\"twitter:site\" content=\"@Emplea_Te\" \/>\n<meta name=\"twitter:label1\" content=\"Escrito por\" \/>\n\t<meta name=\"twitter:data1\" content=\"Empleate\" \/>\n\t<meta name=\"twitter:label2\" content=\"Tiempo de lectura\" \/>\n\t<meta name=\"twitter:data2\" content=\"1 minuto\" \/>\n<script type=\"application\/ld+json\" class=\"yoast-schema-graph\">{\"@context\":\"https:\\\/\\\/schema.org\",\"@graph\":[{\"@type\":\"Article\",\"@id\":\"https:\\\/\\\/www.emplea-te.com\\\/noticias-oposiciones\\\/xunta-de-galicia-cuerpo-auxiliar-administrativo-c2-se-publica-la-baremacion-definitiva-de-la-fase-de-concurso-y-la-puntuacion-obtenida-por-cada-uno-de-los-aspirantes\\\/#article\",\"isPartOf\":{\"@id\":\"https:\\\/\\\/www.emplea-te.com\\\/noticias-oposiciones\\\/xunta-de-galicia-cuerpo-auxiliar-administrativo-c2-se-publica-la-baremacion-definitiva-de-la-fase-de-concurso-y-la-puntuacion-obtenida-por-cada-uno-de-los-aspirantes\\\/\"},\"author\":{\"name\":\"Empleate\",\"@id\":\"https:\\\/\\\/www.emplea-te.com\\\/noticias-oposiciones\\\/#\\\/schema\\\/person\\\/d1bc587e1af2b95e9c32aba1795509a6\"},\"headline\":\"Xunta de Galicia. Cuerpo Auxiliar Administrativo C2. Se publica la baremaci\u00f3n definitiva de la fase de concurso y la puntuaci\u00f3n obtenida por cada uno de los aspirantes.\",\"datePublished\":\"2022-10-05T10:19:15+00:00\",\"mainEntityOfPage\":{\"@id\":\"https:\\\/\\\/www.emplea-te.com\\\/noticias-oposiciones\\\/xunta-de-galicia-cuerpo-auxiliar-administrativo-c2-se-publica-la-baremacion-definitiva-de-la-fase-de-concurso-y-la-puntuacion-obtenida-por-cada-uno-de-los-aspirantes\\\/\"},\"wordCount\":141,\"publisher\":{\"@id\":\"https:\\\/\\\/www.emplea-te.com\\\/noticias-oposiciones\\\/#organization\"},\"keywords\":[\"Acceso libre\",\"Aprobados proceso selectivo\",\"Informaci\u00f3n procesos selectivos\"],\"articleSection\":[\"Oposiciones Xunta\"],\"inLanguage\":\"es\"},{\"@type\":\"WebPage\",\"@id\":\"https:\\\/\\\/www.emplea-te.com\\\/noticias-oposiciones\\\/xunta-de-galicia-cuerpo-auxiliar-administrativo-c2-se-publica-la-baremacion-definitiva-de-la-fase-de-concurso-y-la-puntuacion-obtenida-por-cada-uno-de-los-aspirantes\\\/\",\"url\":\"https:\\\/\\\/www.emplea-te.com\\\/noticias-oposiciones\\\/xunta-de-galicia-cuerpo-auxiliar-administrativo-c2-se-publica-la-baremacion-definitiva-de-la-fase-de-concurso-y-la-puntuacion-obtenida-por-cada-uno-de-los-aspirantes\\\/\",\"name\":\"Xunta de Galicia. Cuerpo Auxiliar Administrativo C2.\",\"isPartOf\":{\"@id\":\"https:\\\/\\\/www.emplea-te.com\\\/noticias-oposiciones\\\/#website\"},\"datePublished\":\"2022-10-05T10:19:15+00:00\",\"description\":\"Xunta de Galicia. Cuerpo Auxiliar Administrativo C2. Se publica la baremaci\u00f3n definitiva de la fase de concurso y la puntuaci\u00f3n obtenida por cada uno de los aspirantes.\",\"breadcrumb\":{\"@id\":\"https:\\\/\\\/www.emplea-te.com\\\/noticias-oposiciones\\\/xunta-de-galicia-cuerpo-auxiliar-administrativo-c2-se-publica-la-baremacion-definitiva-de-la-fase-de-concurso-y-la-puntuacion-obtenida-por-cada-uno-de-los-aspirantes\\\/#breadcrumb\"},\"inLanguage\":\"es\",\"potentialAction\":[{\"@type\":\"ReadAction\",\"target\":[\"https:\\\/\\\/www.emplea-te.com\\\/noticias-oposiciones\\\/xunta-de-galicia-cuerpo-auxiliar-administrativo-c2-se-publica-la-baremacion-definitiva-de-la-fase-de-concurso-y-la-puntuacion-obtenida-por-cada-uno-de-los-aspirantes\\\/\"]}]},{\"@type\":\"BreadcrumbList\",\"@id\":\"https:\\\/\\\/www.emplea-te.com\\\/noticias-oposiciones\\\/xunta-de-galicia-cuerpo-auxiliar-administrativo-c2-se-publica-la-baremacion-definitiva-de-la-fase-de-concurso-y-la-puntuacion-obtenida-por-cada-uno-de-los-aspirantes\\\/#breadcrumb\",\"itemListElement\":[{\"@type\":\"ListItem\",\"position\":1,\"name\":\"Noticias Oposiciones\",\"item\":\"https:\\\/\\\/www.emplea-te.com\\\/noticias-oposiciones\\\/\"},{\"@type\":\"ListItem\",\"position\":2,\"name\":\"Oposiciones Xunta\",\"item\":\"https:\\\/\\\/www.emplea-te.com\\\/noticias-oposiciones\\\/categoria\\\/oposiciones-xunta\\\/\"},{\"@type\":\"ListItem\",\"position\":3,\"name\":\"Xunta de Galicia. Cuerpo Auxiliar Administrativo C2. Se publica la baremaci\u00f3n definitiva de la fase de concurso y la puntuaci\u00f3n obtenida por cada uno de los aspirantes.\"}]},{\"@type\":\"WebSite\",\"@id\":\"https:\\\/\\\/www.emplea-te.com\\\/noticias-oposiciones\\\/#website\",\"url\":\"https:\\\/\\\/www.emplea-te.com\\\/noticias-oposiciones\\\/\",\"name\":\"Noticas de oposiciones por Academia Emplea-te\",\"description\":\"Toda la actualidad de las ofertas y convocatorias.\",\"publisher\":{\"@id\":\"https:\\\/\\\/www.emplea-te.com\\\/noticias-oposiciones\\\/#organization\"},\"potentialAction\":[{\"@type\":\"SearchAction\",\"target\":{\"@type\":\"EntryPoint\",\"urlTemplate\":\"https:\\\/\\\/www.emplea-te.com\\\/noticias-oposiciones\\\/?s={search_term_string}\"},\"query-input\":{\"@type\":\"PropertyValueSpecification\",\"valueRequired\":true,\"valueName\":\"search_term_string\"}}],\"inLanguage\":\"es\"},{\"@type\":\"Organization\",\"@id\":\"https:\\\/\\\/www.emplea-te.com\\\/noticias-oposiciones\\\/#organization\",\"name\":\"Academia de oposiciones Empl\u00e9ate\",\"url\":\"https:\\\/\\\/www.emplea-te.com\\\/noticias-oposiciones\\\/\",\"logo\":{\"@type\":\"ImageObject\",\"inLanguage\":\"es\",\"@id\":\"https:\\\/\\\/www.emplea-te.com\\\/noticias-oposiciones\\\/#\\\/schema\\\/logo\\\/image\\\/\",\"url\":\"https:\\\/\\\/www.emplea-te.com\\\/noticias-oposiciones\\\/wp-content\\\/uploads\\\/2019\\\/04\\\/empleate.jpg\",\"contentUrl\":\"https:\\\/\\\/www.emplea-te.com\\\/noticias-oposiciones\\\/wp-content\\\/uploads\\\/2019\\\/04\\\/empleate.jpg\",\"width\":250,\"height\":150,\"caption\":\"Academia de oposiciones Empl\u00e9ate\"},\"image\":{\"@id\":\"https:\\\/\\\/www.emplea-te.com\\\/noticias-oposiciones\\\/#\\\/schema\\\/logo\\\/image\\\/\"},\"sameAs\":[\"https:\\\/\\\/www.facebook.com\\\/AcademiaEmpleate\\\/\",\"https:\\\/\\\/x.com\\\/Emplea_Te\",\"https:\\\/\\\/www.instagram.com\\\/academia_empleate\\\/\"]},{\"@type\":\"Person\",\"@id\":\"https:\\\/\\\/www.emplea-te.com\\\/noticias-oposiciones\\\/#\\\/schema\\\/person\\\/d1bc587e1af2b95e9c32aba1795509a6\",\"name\":\"Empleate\"}]}<\/script>\n<!-- \/ Yoast SEO plugin. -->","yoast_head_json":{"title":"Xunta de Galicia. Cuerpo Auxiliar Administrativo C2.","description":"Xunta de Galicia. Cuerpo Auxiliar Administrativo C2. Se publica la baremaci\u00f3n definitiva de la fase de concurso y la puntuaci\u00f3n obtenida por cada uno de los aspirantes.","robots":{"index":"index","follow":"follow","max-snippet":"max-snippet:-1","max-image-preview":"max-image-preview:large","max-video-preview":"max-video-preview:-1"},"canonical":"https:\/\/www.emplea-te.com\/noticias-oposiciones\/xunta-de-galicia-cuerpo-auxiliar-administrativo-c2-se-publica-la-baremacion-definitiva-de-la-fase-de-concurso-y-la-puntuacion-obtenida-por-cada-uno-de-los-aspirantes\/","og_locale":"es_ES","og_type":"article","og_title":"Xunta de Galicia. Cuerpo Auxiliar Administrativo C2.","og_description":"Xunta de Galicia. Cuerpo Auxiliar Administrativo C2. Se publica la baremaci\u00f3n definitiva de la fase de concurso y la puntuaci\u00f3n obtenida por cada uno de los aspirantes.","og_url":"https:\/\/www.emplea-te.com\/noticias-oposiciones\/xunta-de-galicia-cuerpo-auxiliar-administrativo-c2-se-publica-la-baremacion-definitiva-de-la-fase-de-concurso-y-la-puntuacion-obtenida-por-cada-uno-de-los-aspirantes\/","og_site_name":"Noticas de oposiciones por Academia Emplea-te","article_publisher":"https:\/\/www.facebook.com\/AcademiaEmpleate\/","article_published_time":"2022-10-05T10:19:15+00:00","author":"Empleate","twitter_card":"summary_large_image","twitter_creator":"@Emplea_Te","twitter_site":"@Emplea_Te","twitter_misc":{"Escrito por":"Empleate","Tiempo de lectura":"1 minuto"},"schema":{"@context":"https:\/\/schema.org","@graph":[{"@type":"Article","@id":"https:\/\/www.emplea-te.com\/noticias-oposiciones\/xunta-de-galicia-cuerpo-auxiliar-administrativo-c2-se-publica-la-baremacion-definitiva-de-la-fase-de-concurso-y-la-puntuacion-obtenida-por-cada-uno-de-los-aspirantes\/#article","isPartOf":{"@id":"https:\/\/www.emplea-te.com\/noticias-oposiciones\/xunta-de-galicia-cuerpo-auxiliar-administrativo-c2-se-publica-la-baremacion-definitiva-de-la-fase-de-concurso-y-la-puntuacion-obtenida-por-cada-uno-de-los-aspirantes\/"},"author":{"name":"Empleate","@id":"https:\/\/www.emplea-te.com\/noticias-oposiciones\/#\/schema\/person\/d1bc587e1af2b95e9c32aba1795509a6"},"headline":"Xunta de Galicia. Cuerpo Auxiliar Administrativo C2. Se publica la baremaci\u00f3n definitiva de la fase de concurso y la puntuaci\u00f3n obtenida por cada uno de los aspirantes.","datePublished":"2022-10-05T10:19:15+00:00","mainEntityOfPage":{"@id":"https:\/\/www.emplea-te.com\/noticias-oposiciones\/xunta-de-galicia-cuerpo-auxiliar-administrativo-c2-se-publica-la-baremacion-definitiva-de-la-fase-de-concurso-y-la-puntuacion-obtenida-por-cada-uno-de-los-aspirantes\/"},"wordCount":141,"publisher":{"@id":"https:\/\/www.emplea-te.com\/noticias-oposiciones\/#organization"},"keywords":["Acceso libre","Aprobados proceso selectivo","Informaci\u00f3n procesos selectivos"],"articleSection":["Oposiciones Xunta"],"inLanguage":"es"},{"@type":"WebPage","@id":"https:\/\/www.emplea-te.com\/noticias-oposiciones\/xunta-de-galicia-cuerpo-auxiliar-administrativo-c2-se-publica-la-baremacion-definitiva-de-la-fase-de-concurso-y-la-puntuacion-obtenida-por-cada-uno-de-los-aspirantes\/","url":"https:\/\/www.emplea-te.com\/noticias-oposiciones\/xunta-de-galicia-cuerpo-auxiliar-administrativo-c2-se-publica-la-baremacion-definitiva-de-la-fase-de-concurso-y-la-puntuacion-obtenida-por-cada-uno-de-los-aspirantes\/","name":"Xunta de Galicia. Cuerpo Auxiliar Administrativo C2.","isPartOf":{"@id":"https:\/\/www.emplea-te.com\/noticias-oposiciones\/#website"},"datePublished":"2022-10-05T10:19:15+00:00","description":"Xunta de Galicia. Cuerpo Auxiliar Administrativo C2. Se publica la baremaci\u00f3n definitiva de la fase de concurso y la puntuaci\u00f3n obtenida por cada uno de los aspirantes.","breadcrumb":{"@id":"https:\/\/www.emplea-te.com\/noticias-oposiciones\/xunta-de-galicia-cuerpo-auxiliar-administrativo-c2-se-publica-la-baremacion-definitiva-de-la-fase-de-concurso-y-la-puntuacion-obtenida-por-cada-uno-de-los-aspirantes\/#breadcrumb"},"inLanguage":"es","potentialAction":[{"@type":"ReadAction","target":["https:\/\/www.emplea-te.com\/noticias-oposiciones\/xunta-de-galicia-cuerpo-auxiliar-administrativo-c2-se-publica-la-baremacion-definitiva-de-la-fase-de-concurso-y-la-puntuacion-obtenida-por-cada-uno-de-los-aspirantes\/"]}]},{"@type":"BreadcrumbList","@id":"https:\/\/www.emplea-te.com\/noticias-oposiciones\/xunta-de-galicia-cuerpo-auxiliar-administrativo-c2-se-publica-la-baremacion-definitiva-de-la-fase-de-concurso-y-la-puntuacion-obtenida-por-cada-uno-de-los-aspirantes\/#breadcrumb","itemListElement":[{"@type":"ListItem","position":1,"name":"Noticias Oposiciones","item":"https:\/\/www.emplea-te.com\/noticias-oposiciones\/"},{"@type":"ListItem","position":2,"name":"Oposiciones Xunta","item":"https:\/\/www.emplea-te.com\/noticias-oposiciones\/categoria\/oposiciones-xunta\/"},{"@type":"ListItem","position":3,"name":"Xunta de Galicia. Cuerpo Auxiliar Administrativo C2. Se publica la baremaci\u00f3n definitiva de la fase de concurso y la puntuaci\u00f3n obtenida por cada uno de los aspirantes."}]},{"@type":"WebSite","@id":"https:\/\/www.emplea-te.com\/noticias-oposiciones\/#website","url":"https:\/\/www.emplea-te.com\/noticias-oposiciones\/","name":"Noticas de oposiciones por Academia Emplea-te","description":"Toda la actualidad de las ofertas y convocatorias.","publisher":{"@id":"https:\/\/www.emplea-te.com\/noticias-oposiciones\/#organization"},"potentialAction":[{"@type":"SearchAction","target":{"@type":"EntryPoint","urlTemplate":"https:\/\/www.emplea-te.com\/noticias-oposiciones\/?s={search_term_string}"},"query-input":{"@type":"PropertyValueSpecification","valueRequired":true,"valueName":"search_term_string"}}],"inLanguage":"es"},{"@type":"Organization","@id":"https:\/\/www.emplea-te.com\/noticias-oposiciones\/#organization","name":"Academia de oposiciones Empl\u00e9ate","url":"https:\/\/www.emplea-te.com\/noticias-oposiciones\/","logo":{"@type":"ImageObject","inLanguage":"es","@id":"https:\/\/www.emplea-te.com\/noticias-oposiciones\/#\/schema\/logo\/image\/","url":"https:\/\/www.emplea-te.com\/noticias-oposiciones\/wp-content\/uploads\/2019\/04\/empleate.jpg","contentUrl":"https:\/\/www.emplea-te.com\/noticias-oposiciones\/wp-content\/uploads\/2019\/04\/empleate.jpg","width":250,"height":150,"caption":"Academia de oposiciones Empl\u00e9ate"},"image":{"@id":"https:\/\/www.emplea-te.com\/noticias-oposiciones\/#\/schema\/logo\/image\/"},"sameAs":["https:\/\/www.facebook.com\/AcademiaEmpleate\/","https:\/\/x.com\/Emplea_Te","https:\/\/www.instagram.com\/academia_empleate\/"]},{"@type":"Person","@id":"https:\/\/www.emplea-te.com\/noticias-oposiciones\/#\/schema\/person\/d1bc587e1af2b95e9c32aba1795509a6","name":"Empleate"}]}},"_links":{"self":[{"href":"https:\/\/www.emplea-te.com\/noticias-oposiciones\/wp-json\/wp\/v2\/posts\/7808","targetHints":{"allow":["GET"]}}],"collection":[{"href":"https:\/\/www.emplea-te.com\/noticias-oposiciones\/wp-json\/wp\/v2\/posts"}],"about":[{"href":"https:\/\/www.emplea-te.com\/noticias-oposiciones\/wp-json\/wp\/v2\/types\/post"}],"author":[{"embeddable":true,"href":"https:\/\/www.emplea-te.com\/noticias-oposiciones\/wp-json\/wp\/v2\/users\/1"}],"replies":[{"embeddable":true,"href":"https:\/\/www.emplea-te.com\/noticias-oposiciones\/wp-json\/wp\/v2\/comments?post=7808"}],"version-history":[{"count":1,"href":"https:\/\/www.emplea-te.com\/noticias-oposiciones\/wp-json\/wp\/v2\/posts\/7808\/revisions"}],"predecessor-version":[{"id":7809,"href":"https:\/\/www.emplea-te.com\/noticias-oposiciones\/wp-json\/wp\/v2\/posts\/7808\/revisions\/7809"}],"wp:attachment":[{"href":"https:\/\/www.emplea-te.com\/noticias-oposiciones\/wp-json\/wp\/v2\/media?parent=7808"}],"wp:term":[{"taxonomy":"category","embeddable":true,"href":"https:\/\/www.emplea-te.com\/noticias-oposiciones\/wp-json\/wp\/v2\/categories?post=7808"},{"taxonomy":"post_tag","embeddable":true,"href":"https:\/\/www.emplea-te.com\/noticias-oposiciones\/wp-json\/wp\/v2\/tags?post=7808"}],"curies":[{"name":"wp","href":"https:\/\/api.w.org\/{rel}","templated":true}]}}