{"id":7810,"date":"2022-10-06T10:02:09","date_gmt":"2022-10-06T08:02:09","guid":{"rendered":"https:\/\/www.emplea-te.com\/noticias-oposiciones\/?p=7810"},"modified":"2022-10-06T10:06:30","modified_gmt":"2022-10-06T08:06:30","slug":"ayuntamiento-de-pontevedra-anuncio-de-aprobacion-de-la-oep-2022-con-15-plazas-de-administracion-general","status":"publish","type":"post","link":"https:\/\/www.emplea-te.com\/noticias-oposiciones\/ayuntamiento-de-pontevedra-anuncio-de-aprobacion-de-la-oep-2022-con-15-plazas-de-administracion-general\/","title":{"rendered":"Ayuntamiento de Pontevedra. Anuncio de aprobaci\u00f3n de la OEP 2022."},"content":{"rendered":"<p>Se publica en el BOP de la Provincia de Pontevedra de hoy, d\u00eda 6 de octubre de 2022, el Anuncio por el que se aprueba la Oferta de Empleo P\u00fablico 2022 para el Ayuntamiento de Pontevedra.<\/p>\n<p>De entre la totalidad de las plazas Ofertadas, destacamos las siguientes:<\/p>\n<p>Plazas de Administraci\u00f3n General Reservadas a Personal Funcionario por turno libre:<\/p>\n<p>6 Plazas de Administrativo C1 (2 plazas reservadas a discapacidad intelectual y 2\u00a0 plazas reservadas a discapacidad general)<\/p>\n<p>1 Plaza de Personal Subalterno<\/p>\n<p><a href=\"https:\/\/boppo.depo.gal\/web\/boppo\/detalle\/-\/boppo\/2022\/10\/06\/2022061646\" target=\"_blank\" rel=\"noopener\"><strong>Accede a la publicaci\u00f3n \u00edntegra de esta OEP realizada en el BOPPO de hoy<\/strong><\/a><\/p>\n<p><a href=\"http:\/\/WWW.EMPLEA-TE.COM\" target=\"_blank\" rel=\"noopener\"><strong>PREP\u00c1RATE EN NUESTROS GRUPOS PRESENCIALES Y ON LINE<\/strong><\/a><\/p>\n","protected":false},"excerpt":{"rendered":"<p>Se publica en el BOP de la Provincia de Pontevedra de hoy, d\u00eda 6 de octubre de 2022, el Anuncio por el que se aprueba la Oferta de Empleo P\u00fablico 2022 para el Ayuntamiento de Pontevedra. De entre la totalidad de las plazas Ofertadas, destacamos las siguientes: Plazas de Administraci\u00f3n General Reservadas a Personal Funcionario &hellip; <a href=\"https:\/\/www.emplea-te.com\/noticias-oposiciones\/ayuntamiento-de-pontevedra-anuncio-de-aprobacion-de-la-oep-2022-con-15-plazas-de-administracion-general\/\" class=\"more-link\">Continuar leyendo<span class=\"screen-reader-text\"> \u00abAyuntamiento de Pontevedra. Anuncio de aprobaci\u00f3n de la OEP 2022.\u00bb<\/span><\/a><\/p>\n","protected":false},"author":1,"featured_media":0,"comment_status":"closed","ping_status":"closed","sticky":false,"template":"","format":"standard","meta":{"footnotes":""},"categories":[113,56],"tags":[84],"class_list":["post-7810","post","type-post","status-publish","format-standard","hentry","category-oeps-ayuntamientos-galicia","category-oposiciones-autonomicas-galicia","tag-oferta-de-empleo-publico"],"yoast_head":"<!-- This site is optimized with the Yoast SEO plugin v27.3 - https:\/\/yoast.com\/product\/yoast-seo-wordpress\/ -->\n<title>Ayuntamiento de Pontevedra. Anuncio de aprobaci\u00f3n de la OEP 2022.<\/title>\n<meta name=\"description\" content=\"Ayuntamiento de Pontevedra. Anuncio de aprobaci\u00f3n de la OEP 2022 con 15 plazas de Administraci\u00f3n General.\" \/>\n<meta name=\"robots\" content=\"index, follow, max-snippet:-1, max-image-preview:large, max-video-preview:-1\" \/>\n<link rel=\"canonical\" href=\"https:\/\/www.emplea-te.com\/noticias-oposiciones\/ayuntamiento-de-pontevedra-anuncio-de-aprobacion-de-la-oep-2022-con-15-plazas-de-administracion-general\/\" \/>\n<meta property=\"og:locale\" content=\"es_ES\" \/>\n<meta property=\"og:type\" content=\"article\" \/>\n<meta property=\"og:title\" content=\"Ayuntamiento de Pontevedra. Anuncio de aprobaci\u00f3n de la OEP 2022.\" \/>\n<meta property=\"og:description\" content=\"Ayuntamiento de Pontevedra. Anuncio de aprobaci\u00f3n de la OEP 2022 con 15 plazas de Administraci\u00f3n General.\" \/>\n<meta property=\"og:url\" content=\"https:\/\/www.emplea-te.com\/noticias-oposiciones\/ayuntamiento-de-pontevedra-anuncio-de-aprobacion-de-la-oep-2022-con-15-plazas-de-administracion-general\/\" \/>\n<meta property=\"og:site_name\" content=\"Noticas de oposiciones por Academia Emplea-te\" \/>\n<meta property=\"article:publisher\" content=\"https:\/\/www.facebook.com\/AcademiaEmpleate\/\" \/>\n<meta property=\"article:published_time\" content=\"2022-10-06T08:02:09+00:00\" \/>\n<meta property=\"article:modified_time\" content=\"2022-10-06T08:06:30+00:00\" \/>\n<meta name=\"author\" content=\"Empleate\" \/>\n<meta name=\"twitter:card\" content=\"summary_large_image\" \/>\n<meta name=\"twitter:creator\" content=\"@Emplea_Te\" \/>\n<meta name=\"twitter:site\" content=\"@Emplea_Te\" \/>\n<meta name=\"twitter:label1\" content=\"Escrito por\" \/>\n\t<meta name=\"twitter:data1\" content=\"Empleate\" \/>\n\t<meta name=\"twitter:label2\" content=\"Tiempo de lectura\" \/>\n\t<meta name=\"twitter:data2\" content=\"1 minuto\" \/>\n<script type=\"application\/ld+json\" class=\"yoast-schema-graph\">{\"@context\":\"https:\\\/\\\/schema.org\",\"@graph\":[{\"@type\":\"Article\",\"@id\":\"https:\\\/\\\/www.emplea-te.com\\\/noticias-oposiciones\\\/ayuntamiento-de-pontevedra-anuncio-de-aprobacion-de-la-oep-2022-con-15-plazas-de-administracion-general\\\/#article\",\"isPartOf\":{\"@id\":\"https:\\\/\\\/www.emplea-te.com\\\/noticias-oposiciones\\\/ayuntamiento-de-pontevedra-anuncio-de-aprobacion-de-la-oep-2022-con-15-plazas-de-administracion-general\\\/\"},\"author\":{\"name\":\"Empleate\",\"@id\":\"https:\\\/\\\/www.emplea-te.com\\\/noticias-oposiciones\\\/#\\\/schema\\\/person\\\/d1bc587e1af2b95e9c32aba1795509a6\"},\"headline\":\"Ayuntamiento de Pontevedra. Anuncio de aprobaci\u00f3n de la OEP 2022.\",\"datePublished\":\"2022-10-06T08:02:09+00:00\",\"dateModified\":\"2022-10-06T08:06:30+00:00\",\"mainEntityOfPage\":{\"@id\":\"https:\\\/\\\/www.emplea-te.com\\\/noticias-oposiciones\\\/ayuntamiento-de-pontevedra-anuncio-de-aprobacion-de-la-oep-2022-con-15-plazas-de-administracion-general\\\/\"},\"wordCount\":111,\"publisher\":{\"@id\":\"https:\\\/\\\/www.emplea-te.com\\\/noticias-oposiciones\\\/#organization\"},\"keywords\":[\"Oferta de Empleo P\u00fablico\"],\"articleSection\":[\"OEPS Ayuntamientos Galicia\",\"Oposiciones Auton\u00f3micas Galicia\"],\"inLanguage\":\"es\"},{\"@type\":\"WebPage\",\"@id\":\"https:\\\/\\\/www.emplea-te.com\\\/noticias-oposiciones\\\/ayuntamiento-de-pontevedra-anuncio-de-aprobacion-de-la-oep-2022-con-15-plazas-de-administracion-general\\\/\",\"url\":\"https:\\\/\\\/www.emplea-te.com\\\/noticias-oposiciones\\\/ayuntamiento-de-pontevedra-anuncio-de-aprobacion-de-la-oep-2022-con-15-plazas-de-administracion-general\\\/\",\"name\":\"Ayuntamiento de Pontevedra. Anuncio de aprobaci\u00f3n de la OEP 2022.\",\"isPartOf\":{\"@id\":\"https:\\\/\\\/www.emplea-te.com\\\/noticias-oposiciones\\\/#website\"},\"datePublished\":\"2022-10-06T08:02:09+00:00\",\"dateModified\":\"2022-10-06T08:06:30+00:00\",\"description\":\"Ayuntamiento de Pontevedra. Anuncio de aprobaci\u00f3n de la OEP 2022 con 15 plazas de Administraci\u00f3n General.\",\"breadcrumb\":{\"@id\":\"https:\\\/\\\/www.emplea-te.com\\\/noticias-oposiciones\\\/ayuntamiento-de-pontevedra-anuncio-de-aprobacion-de-la-oep-2022-con-15-plazas-de-administracion-general\\\/#breadcrumb\"},\"inLanguage\":\"es\",\"potentialAction\":[{\"@type\":\"ReadAction\",\"target\":[\"https:\\\/\\\/www.emplea-te.com\\\/noticias-oposiciones\\\/ayuntamiento-de-pontevedra-anuncio-de-aprobacion-de-la-oep-2022-con-15-plazas-de-administracion-general\\\/\"]}]},{\"@type\":\"BreadcrumbList\",\"@id\":\"https:\\\/\\\/www.emplea-te.com\\\/noticias-oposiciones\\\/ayuntamiento-de-pontevedra-anuncio-de-aprobacion-de-la-oep-2022-con-15-plazas-de-administracion-general\\\/#breadcrumb\",\"itemListElement\":[{\"@type\":\"ListItem\",\"position\":1,\"name\":\"Noticias Oposiciones\",\"item\":\"https:\\\/\\\/www.emplea-te.com\\\/noticias-oposiciones\\\/\"},{\"@type\":\"ListItem\",\"position\":2,\"name\":\"Oposiciones Auton\u00f3micas Galicia\",\"item\":\"https:\\\/\\\/www.emplea-te.com\\\/noticias-oposiciones\\\/categoria\\\/oposiciones-autonomicas-galicia\\\/\"},{\"@type\":\"ListItem\",\"position\":3,\"name\":\"Ayuntamiento de Pontevedra. Anuncio de aprobaci\u00f3n de la OEP 2022.\"}]},{\"@type\":\"WebSite\",\"@id\":\"https:\\\/\\\/www.emplea-te.com\\\/noticias-oposiciones\\\/#website\",\"url\":\"https:\\\/\\\/www.emplea-te.com\\\/noticias-oposiciones\\\/\",\"name\":\"Noticas de oposiciones por Academia Emplea-te\",\"description\":\"Toda la actualidad de las ofertas y convocatorias.\",\"publisher\":{\"@id\":\"https:\\\/\\\/www.emplea-te.com\\\/noticias-oposiciones\\\/#organization\"},\"potentialAction\":[{\"@type\":\"SearchAction\",\"target\":{\"@type\":\"EntryPoint\",\"urlTemplate\":\"https:\\\/\\\/www.emplea-te.com\\\/noticias-oposiciones\\\/?s={search_term_string}\"},\"query-input\":{\"@type\":\"PropertyValueSpecification\",\"valueRequired\":true,\"valueName\":\"search_term_string\"}}],\"inLanguage\":\"es\"},{\"@type\":\"Organization\",\"@id\":\"https:\\\/\\\/www.emplea-te.com\\\/noticias-oposiciones\\\/#organization\",\"name\":\"Academia de oposiciones Empl\u00e9ate\",\"url\":\"https:\\\/\\\/www.emplea-te.com\\\/noticias-oposiciones\\\/\",\"logo\":{\"@type\":\"ImageObject\",\"inLanguage\":\"es\",\"@id\":\"https:\\\/\\\/www.emplea-te.com\\\/noticias-oposiciones\\\/#\\\/schema\\\/logo\\\/image\\\/\",\"url\":\"https:\\\/\\\/www.emplea-te.com\\\/noticias-oposiciones\\\/wp-content\\\/uploads\\\/2019\\\/04\\\/empleate.jpg\",\"contentUrl\":\"https:\\\/\\\/www.emplea-te.com\\\/noticias-oposiciones\\\/wp-content\\\/uploads\\\/2019\\\/04\\\/empleate.jpg\",\"width\":250,\"height\":150,\"caption\":\"Academia de oposiciones Empl\u00e9ate\"},\"image\":{\"@id\":\"https:\\\/\\\/www.emplea-te.com\\\/noticias-oposiciones\\\/#\\\/schema\\\/logo\\\/image\\\/\"},\"sameAs\":[\"https:\\\/\\\/www.facebook.com\\\/AcademiaEmpleate\\\/\",\"https:\\\/\\\/x.com\\\/Emplea_Te\",\"https:\\\/\\\/www.instagram.com\\\/academia_empleate\\\/\"]},{\"@type\":\"Person\",\"@id\":\"https:\\\/\\\/www.emplea-te.com\\\/noticias-oposiciones\\\/#\\\/schema\\\/person\\\/d1bc587e1af2b95e9c32aba1795509a6\",\"name\":\"Empleate\"}]}<\/script>\n<!-- \/ Yoast SEO plugin. -->","yoast_head_json":{"title":"Ayuntamiento de Pontevedra. Anuncio de aprobaci\u00f3n de la OEP 2022.","description":"Ayuntamiento de Pontevedra. Anuncio de aprobaci\u00f3n de la OEP 2022 con 15 plazas de Administraci\u00f3n General.","robots":{"index":"index","follow":"follow","max-snippet":"max-snippet:-1","max-image-preview":"max-image-preview:large","max-video-preview":"max-video-preview:-1"},"canonical":"https:\/\/www.emplea-te.com\/noticias-oposiciones\/ayuntamiento-de-pontevedra-anuncio-de-aprobacion-de-la-oep-2022-con-15-plazas-de-administracion-general\/","og_locale":"es_ES","og_type":"article","og_title":"Ayuntamiento de Pontevedra. Anuncio de aprobaci\u00f3n de la OEP 2022.","og_description":"Ayuntamiento de Pontevedra. Anuncio de aprobaci\u00f3n de la OEP 2022 con 15 plazas de Administraci\u00f3n General.","og_url":"https:\/\/www.emplea-te.com\/noticias-oposiciones\/ayuntamiento-de-pontevedra-anuncio-de-aprobacion-de-la-oep-2022-con-15-plazas-de-administracion-general\/","og_site_name":"Noticas de oposiciones por Academia Emplea-te","article_publisher":"https:\/\/www.facebook.com\/AcademiaEmpleate\/","article_published_time":"2022-10-06T08:02:09+00:00","article_modified_time":"2022-10-06T08:06:30+00:00","author":"Empleate","twitter_card":"summary_large_image","twitter_creator":"@Emplea_Te","twitter_site":"@Emplea_Te","twitter_misc":{"Escrito por":"Empleate","Tiempo de lectura":"1 minuto"},"schema":{"@context":"https:\/\/schema.org","@graph":[{"@type":"Article","@id":"https:\/\/www.emplea-te.com\/noticias-oposiciones\/ayuntamiento-de-pontevedra-anuncio-de-aprobacion-de-la-oep-2022-con-15-plazas-de-administracion-general\/#article","isPartOf":{"@id":"https:\/\/www.emplea-te.com\/noticias-oposiciones\/ayuntamiento-de-pontevedra-anuncio-de-aprobacion-de-la-oep-2022-con-15-plazas-de-administracion-general\/"},"author":{"name":"Empleate","@id":"https:\/\/www.emplea-te.com\/noticias-oposiciones\/#\/schema\/person\/d1bc587e1af2b95e9c32aba1795509a6"},"headline":"Ayuntamiento de Pontevedra. Anuncio de aprobaci\u00f3n de la OEP 2022.","datePublished":"2022-10-06T08:02:09+00:00","dateModified":"2022-10-06T08:06:30+00:00","mainEntityOfPage":{"@id":"https:\/\/www.emplea-te.com\/noticias-oposiciones\/ayuntamiento-de-pontevedra-anuncio-de-aprobacion-de-la-oep-2022-con-15-plazas-de-administracion-general\/"},"wordCount":111,"publisher":{"@id":"https:\/\/www.emplea-te.com\/noticias-oposiciones\/#organization"},"keywords":["Oferta de Empleo P\u00fablico"],"articleSection":["OEPS Ayuntamientos Galicia","Oposiciones Auton\u00f3micas Galicia"],"inLanguage":"es"},{"@type":"WebPage","@id":"https:\/\/www.emplea-te.com\/noticias-oposiciones\/ayuntamiento-de-pontevedra-anuncio-de-aprobacion-de-la-oep-2022-con-15-plazas-de-administracion-general\/","url":"https:\/\/www.emplea-te.com\/noticias-oposiciones\/ayuntamiento-de-pontevedra-anuncio-de-aprobacion-de-la-oep-2022-con-15-plazas-de-administracion-general\/","name":"Ayuntamiento de Pontevedra. Anuncio de aprobaci\u00f3n de la OEP 2022.","isPartOf":{"@id":"https:\/\/www.emplea-te.com\/noticias-oposiciones\/#website"},"datePublished":"2022-10-06T08:02:09+00:00","dateModified":"2022-10-06T08:06:30+00:00","description":"Ayuntamiento de Pontevedra. Anuncio de aprobaci\u00f3n de la OEP 2022 con 15 plazas de Administraci\u00f3n General.","breadcrumb":{"@id":"https:\/\/www.emplea-te.com\/noticias-oposiciones\/ayuntamiento-de-pontevedra-anuncio-de-aprobacion-de-la-oep-2022-con-15-plazas-de-administracion-general\/#breadcrumb"},"inLanguage":"es","potentialAction":[{"@type":"ReadAction","target":["https:\/\/www.emplea-te.com\/noticias-oposiciones\/ayuntamiento-de-pontevedra-anuncio-de-aprobacion-de-la-oep-2022-con-15-plazas-de-administracion-general\/"]}]},{"@type":"BreadcrumbList","@id":"https:\/\/www.emplea-te.com\/noticias-oposiciones\/ayuntamiento-de-pontevedra-anuncio-de-aprobacion-de-la-oep-2022-con-15-plazas-de-administracion-general\/#breadcrumb","itemListElement":[{"@type":"ListItem","position":1,"name":"Noticias Oposiciones","item":"https:\/\/www.emplea-te.com\/noticias-oposiciones\/"},{"@type":"ListItem","position":2,"name":"Oposiciones Auton\u00f3micas Galicia","item":"https:\/\/www.emplea-te.com\/noticias-oposiciones\/categoria\/oposiciones-autonomicas-galicia\/"},{"@type":"ListItem","position":3,"name":"Ayuntamiento de Pontevedra. Anuncio de aprobaci\u00f3n de la OEP 2022."}]},{"@type":"WebSite","@id":"https:\/\/www.emplea-te.com\/noticias-oposiciones\/#website","url":"https:\/\/www.emplea-te.com\/noticias-oposiciones\/","name":"Noticas de oposiciones por Academia Emplea-te","description":"Toda la actualidad de las ofertas y convocatorias.","publisher":{"@id":"https:\/\/www.emplea-te.com\/noticias-oposiciones\/#organization"},"potentialAction":[{"@type":"SearchAction","target":{"@type":"EntryPoint","urlTemplate":"https:\/\/www.emplea-te.com\/noticias-oposiciones\/?s={search_term_string}"},"query-input":{"@type":"PropertyValueSpecification","valueRequired":true,"valueName":"search_term_string"}}],"inLanguage":"es"},{"@type":"Organization","@id":"https:\/\/www.emplea-te.com\/noticias-oposiciones\/#organization","name":"Academia de oposiciones Empl\u00e9ate","url":"https:\/\/www.emplea-te.com\/noticias-oposiciones\/","logo":{"@type":"ImageObject","inLanguage":"es","@id":"https:\/\/www.emplea-te.com\/noticias-oposiciones\/#\/schema\/logo\/image\/","url":"https:\/\/www.emplea-te.com\/noticias-oposiciones\/wp-content\/uploads\/2019\/04\/empleate.jpg","contentUrl":"https:\/\/www.emplea-te.com\/noticias-oposiciones\/wp-content\/uploads\/2019\/04\/empleate.jpg","width":250,"height":150,"caption":"Academia de oposiciones Empl\u00e9ate"},"image":{"@id":"https:\/\/www.emplea-te.com\/noticias-oposiciones\/#\/schema\/logo\/image\/"},"sameAs":["https:\/\/www.facebook.com\/AcademiaEmpleate\/","https:\/\/x.com\/Emplea_Te","https:\/\/www.instagram.com\/academia_empleate\/"]},{"@type":"Person","@id":"https:\/\/www.emplea-te.com\/noticias-oposiciones\/#\/schema\/person\/d1bc587e1af2b95e9c32aba1795509a6","name":"Empleate"}]}},"_links":{"self":[{"href":"https:\/\/www.emplea-te.com\/noticias-oposiciones\/wp-json\/wp\/v2\/posts\/7810","targetHints":{"allow":["GET"]}}],"collection":[{"href":"https:\/\/www.emplea-te.com\/noticias-oposiciones\/wp-json\/wp\/v2\/posts"}],"about":[{"href":"https:\/\/www.emplea-te.com\/noticias-oposiciones\/wp-json\/wp\/v2\/types\/post"}],"author":[{"embeddable":true,"href":"https:\/\/www.emplea-te.com\/noticias-oposiciones\/wp-json\/wp\/v2\/users\/1"}],"replies":[{"embeddable":true,"href":"https:\/\/www.emplea-te.com\/noticias-oposiciones\/wp-json\/wp\/v2\/comments?post=7810"}],"version-history":[{"count":3,"href":"https:\/\/www.emplea-te.com\/noticias-oposiciones\/wp-json\/wp\/v2\/posts\/7810\/revisions"}],"predecessor-version":[{"id":7813,"href":"https:\/\/www.emplea-te.com\/noticias-oposiciones\/wp-json\/wp\/v2\/posts\/7810\/revisions\/7813"}],"wp:attachment":[{"href":"https:\/\/www.emplea-te.com\/noticias-oposiciones\/wp-json\/wp\/v2\/media?parent=7810"}],"wp:term":[{"taxonomy":"category","embeddable":true,"href":"https:\/\/www.emplea-te.com\/noticias-oposiciones\/wp-json\/wp\/v2\/categories?post=7810"},{"taxonomy":"post_tag","embeddable":true,"href":"https:\/\/www.emplea-te.com\/noticias-oposiciones\/wp-json\/wp\/v2\/tags?post=7810"}],"curies":[{"name":"wp","href":"https:\/\/api.w.org\/{rel}","templated":true}]}}