{"id":7814,"date":"2022-10-06T10:12:37","date_gmt":"2022-10-06T08:12:37","guid":{"rendered":"https:\/\/www.emplea-te.com\/noticias-oposiciones\/?p=7814"},"modified":"2022-10-06T10:12:37","modified_gmt":"2022-10-06T08:12:37","slug":"usc-escala-auxiliar-100-plazas-convocadas-se-amplia-el-plazo-de-realizacion-del-cuarto-ejercicio","status":"publish","type":"post","link":"https:\/\/www.emplea-te.com\/noticias-oposiciones\/usc-escala-auxiliar-100-plazas-convocadas-se-amplia-el-plazo-de-realizacion-del-cuarto-ejercicio\/","title":{"rendered":"USC. Escala Auxiliar (100 plazas convocadas). Se amplia el plazo de realizaci\u00f3n del cuarto ejercicio."},"content":{"rendered":"<p>Se publica en la Sede Electr\u00f3nica de la USC en el tabl\u00f3n de anuncios la Resoluci\u00f3n por la que se hace p\u00fablica la ampliaci\u00f3n de plazo para la realizaci\u00f3n del cuarto ejercicio de Escala Auxiliar (proceso selectivo convocado para cubrir 100 plazas).<\/p>\n<p><a href=\"https:\/\/www.usc.gal\/export9\/sites\/webinstitucional\/gl\/servizos\/plan_pas\/modules\/2021-Escala-auxiliar\/3-Ampliacion-prazo_C2.pdf_asinado.pdf_.pdf\" target=\"_blank\" rel=\"noopener\"><strong>Resoluci\u00f3n por la que se ampl\u00eda el plazo de realizaci\u00f3n del por resoluci\u00f3n rectoral de 15 de julio de 2021 cuarto para el acceso a la escala ejercicio de las pruebas selectivas convocadas auxiliar, por el turno de acceso libre.<\/strong><\/a><\/p>\n<p>El tercer ejercicio de la fase de oposici\u00f3n, se realiz\u00f3 el\u00a0 d\u00eda 24 de septiembre de 2022.<\/p>\n<p>A la vista de la propuesta del tribunal calificador, el rector teniendo en consideraci\u00f3n las circunstancias de car\u00e1cter organizativo que concurren y de conformidad con el establecido en el art\u00edculo 32 de la Ley 39\/2015, de 1 de octubre , del procedimiento administrativo com\u00fan de las administraciones p\u00fablicas, resuelve:<br \/>\n<strong>Ampliar el plazo m\u00e1ximo establecido en el art\u00edculo 16 del Real decreto 364\/1995 para estos supuestos, siempre que no exceda de la mitad del mismo, para la realizaci\u00f3n del cuarto acceso a la escala auxiliar.\u00a0<\/strong><\/p>\n","protected":false},"excerpt":{"rendered":"<p>Se publica en la Sede Electr\u00f3nica de la USC en el tabl\u00f3n de anuncios la Resoluci\u00f3n por la que se hace p\u00fablica la ampliaci\u00f3n de plazo para la realizaci\u00f3n del cuarto ejercicio de Escala Auxiliar (proceso selectivo convocado para cubrir 100 plazas). Resoluci\u00f3n por la que se ampl\u00eda el plazo de realizaci\u00f3n del por resoluci\u00f3n &hellip; <a href=\"https:\/\/www.emplea-te.com\/noticias-oposiciones\/usc-escala-auxiliar-100-plazas-convocadas-se-amplia-el-plazo-de-realizacion-del-cuarto-ejercicio\/\" class=\"more-link\">Continuar leyendo<span class=\"screen-reader-text\"> \u00abUSC. Escala Auxiliar (100 plazas convocadas). Se amplia el plazo de realizaci\u00f3n del cuarto ejercicio.\u00bb<\/span><\/a><\/p>\n","protected":false},"author":1,"featured_media":0,"comment_status":"closed","ping_status":"closed","sticky":false,"template":"","format":"standard","meta":{"footnotes":""},"categories":[56,40],"tags":[82,49,71,103],"class_list":["post-7814","post","type-post","status-publish","format-standard","hentry","category-oposiciones-autonomicas-galicia","category-universidad-santiago-de-compostela-usc","tag-acceso-libre","tag-convocatorias-de-oposiciones","tag-fecha-examenes","tag-informacion-procesos-selectivos"],"yoast_head":"<!-- This site is optimized with the Yoast SEO plugin v27.3 - https:\/\/yoast.com\/product\/yoast-seo-wordpress\/ -->\n<title>USC. Escala Auxiliar (100 plazas) . Ampliaci\u00f3n plazo 4\u00ba ejercicio.<\/title>\n<meta name=\"description\" content=\"USC. Escala Auxiliar (100 plazas convocadas). Se amplia el plazo de realizaci\u00f3n del cuarto ejercicio.\" \/>\n<meta name=\"robots\" content=\"index, follow, max-snippet:-1, max-image-preview:large, max-video-preview:-1\" \/>\n<link rel=\"canonical\" href=\"https:\/\/www.emplea-te.com\/noticias-oposiciones\/usc-escala-auxiliar-100-plazas-convocadas-se-amplia-el-plazo-de-realizacion-del-cuarto-ejercicio\/\" \/>\n<meta property=\"og:locale\" content=\"es_ES\" \/>\n<meta property=\"og:type\" content=\"article\" \/>\n<meta property=\"og:title\" content=\"USC. Escala Auxiliar (100 plazas) . Ampliaci\u00f3n plazo 4\u00ba ejercicio.\" \/>\n<meta property=\"og:description\" content=\"USC. Escala Auxiliar (100 plazas convocadas). Se amplia el plazo de realizaci\u00f3n del cuarto ejercicio.\" \/>\n<meta property=\"og:url\" content=\"https:\/\/www.emplea-te.com\/noticias-oposiciones\/usc-escala-auxiliar-100-plazas-convocadas-se-amplia-el-plazo-de-realizacion-del-cuarto-ejercicio\/\" \/>\n<meta property=\"og:site_name\" content=\"Noticas de oposiciones por Academia Emplea-te\" \/>\n<meta property=\"article:publisher\" content=\"https:\/\/www.facebook.com\/AcademiaEmpleate\/\" \/>\n<meta property=\"article:published_time\" content=\"2022-10-06T08:12:37+00:00\" \/>\n<meta name=\"author\" content=\"Empleate\" \/>\n<meta name=\"twitter:card\" content=\"summary_large_image\" \/>\n<meta name=\"twitter:creator\" content=\"@Emplea_Te\" \/>\n<meta name=\"twitter:site\" content=\"@Emplea_Te\" \/>\n<meta name=\"twitter:label1\" content=\"Escrito por\" \/>\n\t<meta name=\"twitter:data1\" content=\"Empleate\" \/>\n\t<meta name=\"twitter:label2\" content=\"Tiempo de lectura\" \/>\n\t<meta name=\"twitter:data2\" content=\"1 minuto\" \/>\n<script type=\"application\/ld+json\" class=\"yoast-schema-graph\">{\"@context\":\"https:\\\/\\\/schema.org\",\"@graph\":[{\"@type\":\"Article\",\"@id\":\"https:\\\/\\\/www.emplea-te.com\\\/noticias-oposiciones\\\/usc-escala-auxiliar-100-plazas-convocadas-se-amplia-el-plazo-de-realizacion-del-cuarto-ejercicio\\\/#article\",\"isPartOf\":{\"@id\":\"https:\\\/\\\/www.emplea-te.com\\\/noticias-oposiciones\\\/usc-escala-auxiliar-100-plazas-convocadas-se-amplia-el-plazo-de-realizacion-del-cuarto-ejercicio\\\/\"},\"author\":{\"name\":\"Empleate\",\"@id\":\"https:\\\/\\\/www.emplea-te.com\\\/noticias-oposiciones\\\/#\\\/schema\\\/person\\\/d1bc587e1af2b95e9c32aba1795509a6\"},\"headline\":\"USC. Escala Auxiliar (100 plazas convocadas). Se amplia el plazo de realizaci\u00f3n del cuarto ejercicio.\",\"datePublished\":\"2022-10-06T08:12:37+00:00\",\"mainEntityOfPage\":{\"@id\":\"https:\\\/\\\/www.emplea-te.com\\\/noticias-oposiciones\\\/usc-escala-auxiliar-100-plazas-convocadas-se-amplia-el-plazo-de-realizacion-del-cuarto-ejercicio\\\/\"},\"wordCount\":207,\"publisher\":{\"@id\":\"https:\\\/\\\/www.emplea-te.com\\\/noticias-oposiciones\\\/#organization\"},\"keywords\":[\"Acceso libre\",\"Convocatoria\",\"Fecha ex\u00e1menes\",\"Informaci\u00f3n procesos selectivos\"],\"articleSection\":[\"Oposiciones Auton\u00f3micas Galicia\",\"Universidad Santiago de Compostela USC\"],\"inLanguage\":\"es\"},{\"@type\":\"WebPage\",\"@id\":\"https:\\\/\\\/www.emplea-te.com\\\/noticias-oposiciones\\\/usc-escala-auxiliar-100-plazas-convocadas-se-amplia-el-plazo-de-realizacion-del-cuarto-ejercicio\\\/\",\"url\":\"https:\\\/\\\/www.emplea-te.com\\\/noticias-oposiciones\\\/usc-escala-auxiliar-100-plazas-convocadas-se-amplia-el-plazo-de-realizacion-del-cuarto-ejercicio\\\/\",\"name\":\"USC. Escala Auxiliar (100 plazas) . Ampliaci\u00f3n plazo 4\u00ba ejercicio.\",\"isPartOf\":{\"@id\":\"https:\\\/\\\/www.emplea-te.com\\\/noticias-oposiciones\\\/#website\"},\"datePublished\":\"2022-10-06T08:12:37+00:00\",\"description\":\"USC. Escala Auxiliar (100 plazas convocadas). Se amplia el plazo de realizaci\u00f3n del cuarto ejercicio.\",\"breadcrumb\":{\"@id\":\"https:\\\/\\\/www.emplea-te.com\\\/noticias-oposiciones\\\/usc-escala-auxiliar-100-plazas-convocadas-se-amplia-el-plazo-de-realizacion-del-cuarto-ejercicio\\\/#breadcrumb\"},\"inLanguage\":\"es\",\"potentialAction\":[{\"@type\":\"ReadAction\",\"target\":[\"https:\\\/\\\/www.emplea-te.com\\\/noticias-oposiciones\\\/usc-escala-auxiliar-100-plazas-convocadas-se-amplia-el-plazo-de-realizacion-del-cuarto-ejercicio\\\/\"]}]},{\"@type\":\"BreadcrumbList\",\"@id\":\"https:\\\/\\\/www.emplea-te.com\\\/noticias-oposiciones\\\/usc-escala-auxiliar-100-plazas-convocadas-se-amplia-el-plazo-de-realizacion-del-cuarto-ejercicio\\\/#breadcrumb\",\"itemListElement\":[{\"@type\":\"ListItem\",\"position\":1,\"name\":\"Noticias Oposiciones\",\"item\":\"https:\\\/\\\/www.emplea-te.com\\\/noticias-oposiciones\\\/\"},{\"@type\":\"ListItem\",\"position\":2,\"name\":\"Oposiciones Auton\u00f3micas Galicia\",\"item\":\"https:\\\/\\\/www.emplea-te.com\\\/noticias-oposiciones\\\/categoria\\\/oposiciones-autonomicas-galicia\\\/\"},{\"@type\":\"ListItem\",\"position\":3,\"name\":\"USC. Escala Auxiliar (100 plazas convocadas). Se amplia el plazo de realizaci\u00f3n del cuarto ejercicio.\"}]},{\"@type\":\"WebSite\",\"@id\":\"https:\\\/\\\/www.emplea-te.com\\\/noticias-oposiciones\\\/#website\",\"url\":\"https:\\\/\\\/www.emplea-te.com\\\/noticias-oposiciones\\\/\",\"name\":\"Noticas de oposiciones por Academia Emplea-te\",\"description\":\"Toda la actualidad de las ofertas y convocatorias.\",\"publisher\":{\"@id\":\"https:\\\/\\\/www.emplea-te.com\\\/noticias-oposiciones\\\/#organization\"},\"potentialAction\":[{\"@type\":\"SearchAction\",\"target\":{\"@type\":\"EntryPoint\",\"urlTemplate\":\"https:\\\/\\\/www.emplea-te.com\\\/noticias-oposiciones\\\/?s={search_term_string}\"},\"query-input\":{\"@type\":\"PropertyValueSpecification\",\"valueRequired\":true,\"valueName\":\"search_term_string\"}}],\"inLanguage\":\"es\"},{\"@type\":\"Organization\",\"@id\":\"https:\\\/\\\/www.emplea-te.com\\\/noticias-oposiciones\\\/#organization\",\"name\":\"Academia de oposiciones Empl\u00e9ate\",\"url\":\"https:\\\/\\\/www.emplea-te.com\\\/noticias-oposiciones\\\/\",\"logo\":{\"@type\":\"ImageObject\",\"inLanguage\":\"es\",\"@id\":\"https:\\\/\\\/www.emplea-te.com\\\/noticias-oposiciones\\\/#\\\/schema\\\/logo\\\/image\\\/\",\"url\":\"https:\\\/\\\/www.emplea-te.com\\\/noticias-oposiciones\\\/wp-content\\\/uploads\\\/2019\\\/04\\\/empleate.jpg\",\"contentUrl\":\"https:\\\/\\\/www.emplea-te.com\\\/noticias-oposiciones\\\/wp-content\\\/uploads\\\/2019\\\/04\\\/empleate.jpg\",\"width\":250,\"height\":150,\"caption\":\"Academia de oposiciones Empl\u00e9ate\"},\"image\":{\"@id\":\"https:\\\/\\\/www.emplea-te.com\\\/noticias-oposiciones\\\/#\\\/schema\\\/logo\\\/image\\\/\"},\"sameAs\":[\"https:\\\/\\\/www.facebook.com\\\/AcademiaEmpleate\\\/\",\"https:\\\/\\\/x.com\\\/Emplea_Te\",\"https:\\\/\\\/www.instagram.com\\\/academia_empleate\\\/\"]},{\"@type\":\"Person\",\"@id\":\"https:\\\/\\\/www.emplea-te.com\\\/noticias-oposiciones\\\/#\\\/schema\\\/person\\\/d1bc587e1af2b95e9c32aba1795509a6\",\"name\":\"Empleate\"}]}<\/script>\n<!-- \/ Yoast SEO plugin. -->","yoast_head_json":{"title":"USC. Escala Auxiliar (100 plazas) . Ampliaci\u00f3n plazo 4\u00ba ejercicio.","description":"USC. Escala Auxiliar (100 plazas convocadas). Se amplia el plazo de realizaci\u00f3n del cuarto ejercicio.","robots":{"index":"index","follow":"follow","max-snippet":"max-snippet:-1","max-image-preview":"max-image-preview:large","max-video-preview":"max-video-preview:-1"},"canonical":"https:\/\/www.emplea-te.com\/noticias-oposiciones\/usc-escala-auxiliar-100-plazas-convocadas-se-amplia-el-plazo-de-realizacion-del-cuarto-ejercicio\/","og_locale":"es_ES","og_type":"article","og_title":"USC. Escala Auxiliar (100 plazas) . Ampliaci\u00f3n plazo 4\u00ba ejercicio.","og_description":"USC. Escala Auxiliar (100 plazas convocadas). Se amplia el plazo de realizaci\u00f3n del cuarto ejercicio.","og_url":"https:\/\/www.emplea-te.com\/noticias-oposiciones\/usc-escala-auxiliar-100-plazas-convocadas-se-amplia-el-plazo-de-realizacion-del-cuarto-ejercicio\/","og_site_name":"Noticas de oposiciones por Academia Emplea-te","article_publisher":"https:\/\/www.facebook.com\/AcademiaEmpleate\/","article_published_time":"2022-10-06T08:12:37+00:00","author":"Empleate","twitter_card":"summary_large_image","twitter_creator":"@Emplea_Te","twitter_site":"@Emplea_Te","twitter_misc":{"Escrito por":"Empleate","Tiempo de lectura":"1 minuto"},"schema":{"@context":"https:\/\/schema.org","@graph":[{"@type":"Article","@id":"https:\/\/www.emplea-te.com\/noticias-oposiciones\/usc-escala-auxiliar-100-plazas-convocadas-se-amplia-el-plazo-de-realizacion-del-cuarto-ejercicio\/#article","isPartOf":{"@id":"https:\/\/www.emplea-te.com\/noticias-oposiciones\/usc-escala-auxiliar-100-plazas-convocadas-se-amplia-el-plazo-de-realizacion-del-cuarto-ejercicio\/"},"author":{"name":"Empleate","@id":"https:\/\/www.emplea-te.com\/noticias-oposiciones\/#\/schema\/person\/d1bc587e1af2b95e9c32aba1795509a6"},"headline":"USC. Escala Auxiliar (100 plazas convocadas). Se amplia el plazo de realizaci\u00f3n del cuarto ejercicio.","datePublished":"2022-10-06T08:12:37+00:00","mainEntityOfPage":{"@id":"https:\/\/www.emplea-te.com\/noticias-oposiciones\/usc-escala-auxiliar-100-plazas-convocadas-se-amplia-el-plazo-de-realizacion-del-cuarto-ejercicio\/"},"wordCount":207,"publisher":{"@id":"https:\/\/www.emplea-te.com\/noticias-oposiciones\/#organization"},"keywords":["Acceso libre","Convocatoria","Fecha ex\u00e1menes","Informaci\u00f3n procesos selectivos"],"articleSection":["Oposiciones Auton\u00f3micas Galicia","Universidad Santiago de Compostela USC"],"inLanguage":"es"},{"@type":"WebPage","@id":"https:\/\/www.emplea-te.com\/noticias-oposiciones\/usc-escala-auxiliar-100-plazas-convocadas-se-amplia-el-plazo-de-realizacion-del-cuarto-ejercicio\/","url":"https:\/\/www.emplea-te.com\/noticias-oposiciones\/usc-escala-auxiliar-100-plazas-convocadas-se-amplia-el-plazo-de-realizacion-del-cuarto-ejercicio\/","name":"USC. Escala Auxiliar (100 plazas) . Ampliaci\u00f3n plazo 4\u00ba ejercicio.","isPartOf":{"@id":"https:\/\/www.emplea-te.com\/noticias-oposiciones\/#website"},"datePublished":"2022-10-06T08:12:37+00:00","description":"USC. Escala Auxiliar (100 plazas convocadas). Se amplia el plazo de realizaci\u00f3n del cuarto ejercicio.","breadcrumb":{"@id":"https:\/\/www.emplea-te.com\/noticias-oposiciones\/usc-escala-auxiliar-100-plazas-convocadas-se-amplia-el-plazo-de-realizacion-del-cuarto-ejercicio\/#breadcrumb"},"inLanguage":"es","potentialAction":[{"@type":"ReadAction","target":["https:\/\/www.emplea-te.com\/noticias-oposiciones\/usc-escala-auxiliar-100-plazas-convocadas-se-amplia-el-plazo-de-realizacion-del-cuarto-ejercicio\/"]}]},{"@type":"BreadcrumbList","@id":"https:\/\/www.emplea-te.com\/noticias-oposiciones\/usc-escala-auxiliar-100-plazas-convocadas-se-amplia-el-plazo-de-realizacion-del-cuarto-ejercicio\/#breadcrumb","itemListElement":[{"@type":"ListItem","position":1,"name":"Noticias Oposiciones","item":"https:\/\/www.emplea-te.com\/noticias-oposiciones\/"},{"@type":"ListItem","position":2,"name":"Oposiciones Auton\u00f3micas Galicia","item":"https:\/\/www.emplea-te.com\/noticias-oposiciones\/categoria\/oposiciones-autonomicas-galicia\/"},{"@type":"ListItem","position":3,"name":"USC. Escala Auxiliar (100 plazas convocadas). Se amplia el plazo de realizaci\u00f3n del cuarto ejercicio."}]},{"@type":"WebSite","@id":"https:\/\/www.emplea-te.com\/noticias-oposiciones\/#website","url":"https:\/\/www.emplea-te.com\/noticias-oposiciones\/","name":"Noticas de oposiciones por Academia Emplea-te","description":"Toda la actualidad de las ofertas y convocatorias.","publisher":{"@id":"https:\/\/www.emplea-te.com\/noticias-oposiciones\/#organization"},"potentialAction":[{"@type":"SearchAction","target":{"@type":"EntryPoint","urlTemplate":"https:\/\/www.emplea-te.com\/noticias-oposiciones\/?s={search_term_string}"},"query-input":{"@type":"PropertyValueSpecification","valueRequired":true,"valueName":"search_term_string"}}],"inLanguage":"es"},{"@type":"Organization","@id":"https:\/\/www.emplea-te.com\/noticias-oposiciones\/#organization","name":"Academia de oposiciones Empl\u00e9ate","url":"https:\/\/www.emplea-te.com\/noticias-oposiciones\/","logo":{"@type":"ImageObject","inLanguage":"es","@id":"https:\/\/www.emplea-te.com\/noticias-oposiciones\/#\/schema\/logo\/image\/","url":"https:\/\/www.emplea-te.com\/noticias-oposiciones\/wp-content\/uploads\/2019\/04\/empleate.jpg","contentUrl":"https:\/\/www.emplea-te.com\/noticias-oposiciones\/wp-content\/uploads\/2019\/04\/empleate.jpg","width":250,"height":150,"caption":"Academia de oposiciones Empl\u00e9ate"},"image":{"@id":"https:\/\/www.emplea-te.com\/noticias-oposiciones\/#\/schema\/logo\/image\/"},"sameAs":["https:\/\/www.facebook.com\/AcademiaEmpleate\/","https:\/\/x.com\/Emplea_Te","https:\/\/www.instagram.com\/academia_empleate\/"]},{"@type":"Person","@id":"https:\/\/www.emplea-te.com\/noticias-oposiciones\/#\/schema\/person\/d1bc587e1af2b95e9c32aba1795509a6","name":"Empleate"}]}},"_links":{"self":[{"href":"https:\/\/www.emplea-te.com\/noticias-oposiciones\/wp-json\/wp\/v2\/posts\/7814","targetHints":{"allow":["GET"]}}],"collection":[{"href":"https:\/\/www.emplea-te.com\/noticias-oposiciones\/wp-json\/wp\/v2\/posts"}],"about":[{"href":"https:\/\/www.emplea-te.com\/noticias-oposiciones\/wp-json\/wp\/v2\/types\/post"}],"author":[{"embeddable":true,"href":"https:\/\/www.emplea-te.com\/noticias-oposiciones\/wp-json\/wp\/v2\/users\/1"}],"replies":[{"embeddable":true,"href":"https:\/\/www.emplea-te.com\/noticias-oposiciones\/wp-json\/wp\/v2\/comments?post=7814"}],"version-history":[{"count":1,"href":"https:\/\/www.emplea-te.com\/noticias-oposiciones\/wp-json\/wp\/v2\/posts\/7814\/revisions"}],"predecessor-version":[{"id":7815,"href":"https:\/\/www.emplea-te.com\/noticias-oposiciones\/wp-json\/wp\/v2\/posts\/7814\/revisions\/7815"}],"wp:attachment":[{"href":"https:\/\/www.emplea-te.com\/noticias-oposiciones\/wp-json\/wp\/v2\/media?parent=7814"}],"wp:term":[{"taxonomy":"category","embeddable":true,"href":"https:\/\/www.emplea-te.com\/noticias-oposiciones\/wp-json\/wp\/v2\/categories?post=7814"},{"taxonomy":"post_tag","embeddable":true,"href":"https:\/\/www.emplea-te.com\/noticias-oposiciones\/wp-json\/wp\/v2\/tags?post=7814"}],"curies":[{"name":"wp","href":"https:\/\/api.w.org\/{rel}","templated":true}]}}