{"id":7819,"date":"2022-10-07T09:48:28","date_gmt":"2022-10-07T07:48:28","guid":{"rendered":"https:\/\/www.emplea-te.com\/noticias-oposiciones\/?p=7819"},"modified":"2022-10-07T09:48:28","modified_gmt":"2022-10-07T07:48:28","slug":"xunta-de-galicia-cuerpo-auxiliar-c2-turno-libre-relacion-de-aprobados-del-proceso-selectivo","status":"publish","type":"post","link":"https:\/\/www.emplea-te.com\/noticias-oposiciones\/xunta-de-galicia-cuerpo-auxiliar-c2-turno-libre-relacion-de-aprobados-del-proceso-selectivo\/","title":{"rendered":"Xunta de Galicia. Cuerpo Auxiliar C2 (turno libre). Relaci\u00f3n de aprobados del proceso selectivo."},"content":{"rendered":"<p>Se publica en la Web de Funci\u00f3n P\u00fablica de la Xunta de Galicia el ACUERDO de 5 de octubre de 2022, del tribunal calificador del proceso selectivo para el ingreso, por el turno de acceso libre, en el cuerpo auxiliar de la Administraci\u00f3n general de la Comunidad Aut\u00f3noma de Galicia, subgrupo C2, convocado por Orden de 22 de noviembre de 2019 (DOG n\u00fam. 224, de 25 de noviembre), por la que se hace p\u00fablica la relaci\u00f3n de aspirantes que superaron el proceso selectivo.<\/p>\n<p>De conformidad con la base IV.2 de la convocatoria, las personas aspirantes dispondr\u00e1n de un plazo de veinte (20) d\u00edas h\u00e1biles, con tados a partir del d\u00eda siguiente al de la publicaci\u00f3n en el DOG de esta resoluci\u00f3n, para presentar la documentaci\u00f3n prevista en la citada base.<\/p>\n<p><a href=\"http:\/\/www.xunta.es\/rcp\/listas\/rcp_opo\/opo_novas.jsp?lang=es\" target=\"_blank\" rel=\"noopener\"><strong>Accede desde este enlace a la Web de Funci\u00f3n P\u00fablica de la Xunta de Galicia donde puedes consultar\u00a0 la relaci\u00f3n de aprobados de este proceso selectivo con sus puntuaciones respectivas.\u00a0<\/strong><\/a><\/p>\n<p>&nbsp;<\/p>\n<p>\u00a1\u00a1ENHORABUENA!!<\/p>\n","protected":false},"excerpt":{"rendered":"<p>Se publica en la Web de Funci\u00f3n P\u00fablica de la Xunta de Galicia el ACUERDO de 5 de octubre de 2022, del tribunal calificador del proceso selectivo para el ingreso, por el turno de acceso libre, en el cuerpo auxiliar de la Administraci\u00f3n general de la Comunidad Aut\u00f3noma de Galicia, subgrupo C2, convocado por Orden &hellip; <a href=\"https:\/\/www.emplea-te.com\/noticias-oposiciones\/xunta-de-galicia-cuerpo-auxiliar-c2-turno-libre-relacion-de-aprobados-del-proceso-selectivo\/\" class=\"more-link\">Continuar leyendo<span class=\"screen-reader-text\"> \u00abXunta de Galicia. Cuerpo Auxiliar C2 (turno libre). Relaci\u00f3n de aprobados del proceso selectivo.\u00bb<\/span><\/a><\/p>\n","protected":false},"author":1,"featured_media":0,"comment_status":"closed","ping_status":"closed","sticky":false,"template":"","format":"standard","meta":{"footnotes":""},"categories":[57,4],"tags":[82,88],"class_list":["post-7819","post","type-post","status-publish","format-standard","hentry","category-auxiliar-administrativo-c2-xunta","category-oposiciones-xunta","tag-acceso-libre","tag-aprobados-proceso-selectivo"],"yoast_head":"<!-- This site is optimized with the Yoast SEO plugin v27.3 - https:\/\/yoast.com\/product\/yoast-seo-wordpress\/ -->\n<title>Xunta de Galicia. Cuerpo Auxiliar C2 (turno libre). Aprobados.<\/title>\n<meta name=\"description\" content=\"Xunta de Galicia. Cuerpo Auxiliar C2 (turno libre). Relaci\u00f3n de aprobados del proceso selectivo.\" \/>\n<meta name=\"robots\" content=\"index, follow, max-snippet:-1, max-image-preview:large, max-video-preview:-1\" \/>\n<link rel=\"canonical\" href=\"https:\/\/www.emplea-te.com\/noticias-oposiciones\/xunta-de-galicia-cuerpo-auxiliar-c2-turno-libre-relacion-de-aprobados-del-proceso-selectivo\/\" \/>\n<meta property=\"og:locale\" content=\"es_ES\" \/>\n<meta property=\"og:type\" content=\"article\" \/>\n<meta property=\"og:title\" content=\"Xunta de Galicia. Cuerpo Auxiliar C2 (turno libre). Aprobados.\" \/>\n<meta property=\"og:description\" content=\"Xunta de Galicia. Cuerpo Auxiliar C2 (turno libre). Relaci\u00f3n de aprobados del proceso selectivo.\" \/>\n<meta property=\"og:url\" content=\"https:\/\/www.emplea-te.com\/noticias-oposiciones\/xunta-de-galicia-cuerpo-auxiliar-c2-turno-libre-relacion-de-aprobados-del-proceso-selectivo\/\" \/>\n<meta property=\"og:site_name\" content=\"Noticas de oposiciones por Academia Emplea-te\" \/>\n<meta property=\"article:publisher\" content=\"https:\/\/www.facebook.com\/AcademiaEmpleate\/\" \/>\n<meta property=\"article:published_time\" content=\"2022-10-07T07:48:28+00:00\" \/>\n<meta name=\"author\" content=\"Empleate\" \/>\n<meta name=\"twitter:card\" content=\"summary_large_image\" \/>\n<meta name=\"twitter:creator\" content=\"@Emplea_Te\" \/>\n<meta name=\"twitter:site\" content=\"@Emplea_Te\" \/>\n<meta name=\"twitter:label1\" content=\"Escrito por\" \/>\n\t<meta name=\"twitter:data1\" content=\"Empleate\" \/>\n\t<meta name=\"twitter:label2\" content=\"Tiempo de lectura\" \/>\n\t<meta name=\"twitter:data2\" content=\"1 minuto\" \/>\n<script type=\"application\/ld+json\" class=\"yoast-schema-graph\">{\"@context\":\"https:\\\/\\\/schema.org\",\"@graph\":[{\"@type\":\"Article\",\"@id\":\"https:\\\/\\\/www.emplea-te.com\\\/noticias-oposiciones\\\/xunta-de-galicia-cuerpo-auxiliar-c2-turno-libre-relacion-de-aprobados-del-proceso-selectivo\\\/#article\",\"isPartOf\":{\"@id\":\"https:\\\/\\\/www.emplea-te.com\\\/noticias-oposiciones\\\/xunta-de-galicia-cuerpo-auxiliar-c2-turno-libre-relacion-de-aprobados-del-proceso-selectivo\\\/\"},\"author\":{\"name\":\"Empleate\",\"@id\":\"https:\\\/\\\/www.emplea-te.com\\\/noticias-oposiciones\\\/#\\\/schema\\\/person\\\/d1bc587e1af2b95e9c32aba1795509a6\"},\"headline\":\"Xunta de Galicia. Cuerpo Auxiliar C2 (turno libre). Relaci\u00f3n de aprobados del proceso selectivo.\",\"datePublished\":\"2022-10-07T07:48:28+00:00\",\"mainEntityOfPage\":{\"@id\":\"https:\\\/\\\/www.emplea-te.com\\\/noticias-oposiciones\\\/xunta-de-galicia-cuerpo-auxiliar-c2-turno-libre-relacion-de-aprobados-del-proceso-selectivo\\\/\"},\"wordCount\":187,\"publisher\":{\"@id\":\"https:\\\/\\\/www.emplea-te.com\\\/noticias-oposiciones\\\/#organization\"},\"keywords\":[\"Acceso libre\",\"Aprobados proceso selectivo\"],\"articleSection\":[\"Auxiliar Administrativo C2 Xunta\",\"Oposiciones Xunta\"],\"inLanguage\":\"es\"},{\"@type\":\"WebPage\",\"@id\":\"https:\\\/\\\/www.emplea-te.com\\\/noticias-oposiciones\\\/xunta-de-galicia-cuerpo-auxiliar-c2-turno-libre-relacion-de-aprobados-del-proceso-selectivo\\\/\",\"url\":\"https:\\\/\\\/www.emplea-te.com\\\/noticias-oposiciones\\\/xunta-de-galicia-cuerpo-auxiliar-c2-turno-libre-relacion-de-aprobados-del-proceso-selectivo\\\/\",\"name\":\"Xunta de Galicia. Cuerpo Auxiliar C2 (turno libre). Aprobados.\",\"isPartOf\":{\"@id\":\"https:\\\/\\\/www.emplea-te.com\\\/noticias-oposiciones\\\/#website\"},\"datePublished\":\"2022-10-07T07:48:28+00:00\",\"description\":\"Xunta de Galicia. Cuerpo Auxiliar C2 (turno libre). Relaci\u00f3n de aprobados del proceso selectivo.\",\"breadcrumb\":{\"@id\":\"https:\\\/\\\/www.emplea-te.com\\\/noticias-oposiciones\\\/xunta-de-galicia-cuerpo-auxiliar-c2-turno-libre-relacion-de-aprobados-del-proceso-selectivo\\\/#breadcrumb\"},\"inLanguage\":\"es\",\"potentialAction\":[{\"@type\":\"ReadAction\",\"target\":[\"https:\\\/\\\/www.emplea-te.com\\\/noticias-oposiciones\\\/xunta-de-galicia-cuerpo-auxiliar-c2-turno-libre-relacion-de-aprobados-del-proceso-selectivo\\\/\"]}]},{\"@type\":\"BreadcrumbList\",\"@id\":\"https:\\\/\\\/www.emplea-te.com\\\/noticias-oposiciones\\\/xunta-de-galicia-cuerpo-auxiliar-c2-turno-libre-relacion-de-aprobados-del-proceso-selectivo\\\/#breadcrumb\",\"itemListElement\":[{\"@type\":\"ListItem\",\"position\":1,\"name\":\"Noticias Oposiciones\",\"item\":\"https:\\\/\\\/www.emplea-te.com\\\/noticias-oposiciones\\\/\"},{\"@type\":\"ListItem\",\"position\":2,\"name\":\"Oposiciones Xunta\",\"item\":\"https:\\\/\\\/www.emplea-te.com\\\/noticias-oposiciones\\\/categoria\\\/oposiciones-xunta\\\/\"},{\"@type\":\"ListItem\",\"position\":3,\"name\":\"Xunta de Galicia. Cuerpo Auxiliar C2 (turno libre). Relaci\u00f3n de aprobados del proceso selectivo.\"}]},{\"@type\":\"WebSite\",\"@id\":\"https:\\\/\\\/www.emplea-te.com\\\/noticias-oposiciones\\\/#website\",\"url\":\"https:\\\/\\\/www.emplea-te.com\\\/noticias-oposiciones\\\/\",\"name\":\"Noticas de oposiciones por Academia Emplea-te\",\"description\":\"Toda la actualidad de las ofertas y convocatorias.\",\"publisher\":{\"@id\":\"https:\\\/\\\/www.emplea-te.com\\\/noticias-oposiciones\\\/#organization\"},\"potentialAction\":[{\"@type\":\"SearchAction\",\"target\":{\"@type\":\"EntryPoint\",\"urlTemplate\":\"https:\\\/\\\/www.emplea-te.com\\\/noticias-oposiciones\\\/?s={search_term_string}\"},\"query-input\":{\"@type\":\"PropertyValueSpecification\",\"valueRequired\":true,\"valueName\":\"search_term_string\"}}],\"inLanguage\":\"es\"},{\"@type\":\"Organization\",\"@id\":\"https:\\\/\\\/www.emplea-te.com\\\/noticias-oposiciones\\\/#organization\",\"name\":\"Academia de oposiciones Empl\u00e9ate\",\"url\":\"https:\\\/\\\/www.emplea-te.com\\\/noticias-oposiciones\\\/\",\"logo\":{\"@type\":\"ImageObject\",\"inLanguage\":\"es\",\"@id\":\"https:\\\/\\\/www.emplea-te.com\\\/noticias-oposiciones\\\/#\\\/schema\\\/logo\\\/image\\\/\",\"url\":\"https:\\\/\\\/www.emplea-te.com\\\/noticias-oposiciones\\\/wp-content\\\/uploads\\\/2019\\\/04\\\/empleate.jpg\",\"contentUrl\":\"https:\\\/\\\/www.emplea-te.com\\\/noticias-oposiciones\\\/wp-content\\\/uploads\\\/2019\\\/04\\\/empleate.jpg\",\"width\":250,\"height\":150,\"caption\":\"Academia de oposiciones Empl\u00e9ate\"},\"image\":{\"@id\":\"https:\\\/\\\/www.emplea-te.com\\\/noticias-oposiciones\\\/#\\\/schema\\\/logo\\\/image\\\/\"},\"sameAs\":[\"https:\\\/\\\/www.facebook.com\\\/AcademiaEmpleate\\\/\",\"https:\\\/\\\/x.com\\\/Emplea_Te\",\"https:\\\/\\\/www.instagram.com\\\/academia_empleate\\\/\"]},{\"@type\":\"Person\",\"@id\":\"https:\\\/\\\/www.emplea-te.com\\\/noticias-oposiciones\\\/#\\\/schema\\\/person\\\/d1bc587e1af2b95e9c32aba1795509a6\",\"name\":\"Empleate\"}]}<\/script>\n<!-- \/ Yoast SEO plugin. -->","yoast_head_json":{"title":"Xunta de Galicia. Cuerpo Auxiliar C2 (turno libre). Aprobados.","description":"Xunta de Galicia. Cuerpo Auxiliar C2 (turno libre). Relaci\u00f3n de aprobados del proceso selectivo.","robots":{"index":"index","follow":"follow","max-snippet":"max-snippet:-1","max-image-preview":"max-image-preview:large","max-video-preview":"max-video-preview:-1"},"canonical":"https:\/\/www.emplea-te.com\/noticias-oposiciones\/xunta-de-galicia-cuerpo-auxiliar-c2-turno-libre-relacion-de-aprobados-del-proceso-selectivo\/","og_locale":"es_ES","og_type":"article","og_title":"Xunta de Galicia. Cuerpo Auxiliar C2 (turno libre). Aprobados.","og_description":"Xunta de Galicia. Cuerpo Auxiliar C2 (turno libre). Relaci\u00f3n de aprobados del proceso selectivo.","og_url":"https:\/\/www.emplea-te.com\/noticias-oposiciones\/xunta-de-galicia-cuerpo-auxiliar-c2-turno-libre-relacion-de-aprobados-del-proceso-selectivo\/","og_site_name":"Noticas de oposiciones por Academia Emplea-te","article_publisher":"https:\/\/www.facebook.com\/AcademiaEmpleate\/","article_published_time":"2022-10-07T07:48:28+00:00","author":"Empleate","twitter_card":"summary_large_image","twitter_creator":"@Emplea_Te","twitter_site":"@Emplea_Te","twitter_misc":{"Escrito por":"Empleate","Tiempo de lectura":"1 minuto"},"schema":{"@context":"https:\/\/schema.org","@graph":[{"@type":"Article","@id":"https:\/\/www.emplea-te.com\/noticias-oposiciones\/xunta-de-galicia-cuerpo-auxiliar-c2-turno-libre-relacion-de-aprobados-del-proceso-selectivo\/#article","isPartOf":{"@id":"https:\/\/www.emplea-te.com\/noticias-oposiciones\/xunta-de-galicia-cuerpo-auxiliar-c2-turno-libre-relacion-de-aprobados-del-proceso-selectivo\/"},"author":{"name":"Empleate","@id":"https:\/\/www.emplea-te.com\/noticias-oposiciones\/#\/schema\/person\/d1bc587e1af2b95e9c32aba1795509a6"},"headline":"Xunta de Galicia. Cuerpo Auxiliar C2 (turno libre). Relaci\u00f3n de aprobados del proceso selectivo.","datePublished":"2022-10-07T07:48:28+00:00","mainEntityOfPage":{"@id":"https:\/\/www.emplea-te.com\/noticias-oposiciones\/xunta-de-galicia-cuerpo-auxiliar-c2-turno-libre-relacion-de-aprobados-del-proceso-selectivo\/"},"wordCount":187,"publisher":{"@id":"https:\/\/www.emplea-te.com\/noticias-oposiciones\/#organization"},"keywords":["Acceso libre","Aprobados proceso selectivo"],"articleSection":["Auxiliar Administrativo C2 Xunta","Oposiciones Xunta"],"inLanguage":"es"},{"@type":"WebPage","@id":"https:\/\/www.emplea-te.com\/noticias-oposiciones\/xunta-de-galicia-cuerpo-auxiliar-c2-turno-libre-relacion-de-aprobados-del-proceso-selectivo\/","url":"https:\/\/www.emplea-te.com\/noticias-oposiciones\/xunta-de-galicia-cuerpo-auxiliar-c2-turno-libre-relacion-de-aprobados-del-proceso-selectivo\/","name":"Xunta de Galicia. Cuerpo Auxiliar C2 (turno libre). Aprobados.","isPartOf":{"@id":"https:\/\/www.emplea-te.com\/noticias-oposiciones\/#website"},"datePublished":"2022-10-07T07:48:28+00:00","description":"Xunta de Galicia. Cuerpo Auxiliar C2 (turno libre). Relaci\u00f3n de aprobados del proceso selectivo.","breadcrumb":{"@id":"https:\/\/www.emplea-te.com\/noticias-oposiciones\/xunta-de-galicia-cuerpo-auxiliar-c2-turno-libre-relacion-de-aprobados-del-proceso-selectivo\/#breadcrumb"},"inLanguage":"es","potentialAction":[{"@type":"ReadAction","target":["https:\/\/www.emplea-te.com\/noticias-oposiciones\/xunta-de-galicia-cuerpo-auxiliar-c2-turno-libre-relacion-de-aprobados-del-proceso-selectivo\/"]}]},{"@type":"BreadcrumbList","@id":"https:\/\/www.emplea-te.com\/noticias-oposiciones\/xunta-de-galicia-cuerpo-auxiliar-c2-turno-libre-relacion-de-aprobados-del-proceso-selectivo\/#breadcrumb","itemListElement":[{"@type":"ListItem","position":1,"name":"Noticias Oposiciones","item":"https:\/\/www.emplea-te.com\/noticias-oposiciones\/"},{"@type":"ListItem","position":2,"name":"Oposiciones Xunta","item":"https:\/\/www.emplea-te.com\/noticias-oposiciones\/categoria\/oposiciones-xunta\/"},{"@type":"ListItem","position":3,"name":"Xunta de Galicia. Cuerpo Auxiliar C2 (turno libre). Relaci\u00f3n de aprobados del proceso selectivo."}]},{"@type":"WebSite","@id":"https:\/\/www.emplea-te.com\/noticias-oposiciones\/#website","url":"https:\/\/www.emplea-te.com\/noticias-oposiciones\/","name":"Noticas de oposiciones por Academia Emplea-te","description":"Toda la actualidad de las ofertas y convocatorias.","publisher":{"@id":"https:\/\/www.emplea-te.com\/noticias-oposiciones\/#organization"},"potentialAction":[{"@type":"SearchAction","target":{"@type":"EntryPoint","urlTemplate":"https:\/\/www.emplea-te.com\/noticias-oposiciones\/?s={search_term_string}"},"query-input":{"@type":"PropertyValueSpecification","valueRequired":true,"valueName":"search_term_string"}}],"inLanguage":"es"},{"@type":"Organization","@id":"https:\/\/www.emplea-te.com\/noticias-oposiciones\/#organization","name":"Academia de oposiciones Empl\u00e9ate","url":"https:\/\/www.emplea-te.com\/noticias-oposiciones\/","logo":{"@type":"ImageObject","inLanguage":"es","@id":"https:\/\/www.emplea-te.com\/noticias-oposiciones\/#\/schema\/logo\/image\/","url":"https:\/\/www.emplea-te.com\/noticias-oposiciones\/wp-content\/uploads\/2019\/04\/empleate.jpg","contentUrl":"https:\/\/www.emplea-te.com\/noticias-oposiciones\/wp-content\/uploads\/2019\/04\/empleate.jpg","width":250,"height":150,"caption":"Academia de oposiciones Empl\u00e9ate"},"image":{"@id":"https:\/\/www.emplea-te.com\/noticias-oposiciones\/#\/schema\/logo\/image\/"},"sameAs":["https:\/\/www.facebook.com\/AcademiaEmpleate\/","https:\/\/x.com\/Emplea_Te","https:\/\/www.instagram.com\/academia_empleate\/"]},{"@type":"Person","@id":"https:\/\/www.emplea-te.com\/noticias-oposiciones\/#\/schema\/person\/d1bc587e1af2b95e9c32aba1795509a6","name":"Empleate"}]}},"_links":{"self":[{"href":"https:\/\/www.emplea-te.com\/noticias-oposiciones\/wp-json\/wp\/v2\/posts\/7819","targetHints":{"allow":["GET"]}}],"collection":[{"href":"https:\/\/www.emplea-te.com\/noticias-oposiciones\/wp-json\/wp\/v2\/posts"}],"about":[{"href":"https:\/\/www.emplea-te.com\/noticias-oposiciones\/wp-json\/wp\/v2\/types\/post"}],"author":[{"embeddable":true,"href":"https:\/\/www.emplea-te.com\/noticias-oposiciones\/wp-json\/wp\/v2\/users\/1"}],"replies":[{"embeddable":true,"href":"https:\/\/www.emplea-te.com\/noticias-oposiciones\/wp-json\/wp\/v2\/comments?post=7819"}],"version-history":[{"count":1,"href":"https:\/\/www.emplea-te.com\/noticias-oposiciones\/wp-json\/wp\/v2\/posts\/7819\/revisions"}],"predecessor-version":[{"id":7820,"href":"https:\/\/www.emplea-te.com\/noticias-oposiciones\/wp-json\/wp\/v2\/posts\/7819\/revisions\/7820"}],"wp:attachment":[{"href":"https:\/\/www.emplea-te.com\/noticias-oposiciones\/wp-json\/wp\/v2\/media?parent=7819"}],"wp:term":[{"taxonomy":"category","embeddable":true,"href":"https:\/\/www.emplea-te.com\/noticias-oposiciones\/wp-json\/wp\/v2\/categories?post=7819"},{"taxonomy":"post_tag","embeddable":true,"href":"https:\/\/www.emplea-te.com\/noticias-oposiciones\/wp-json\/wp\/v2\/tags?post=7819"}],"curies":[{"name":"wp","href":"https:\/\/api.w.org\/{rel}","templated":true}]}}