{"id":7835,"date":"2022-10-11T09:42:43","date_gmt":"2022-10-11T07:42:43","guid":{"rendered":"https:\/\/www.emplea-te.com\/noticias-oposiciones\/?p=7835"},"modified":"2022-10-11T09:42:43","modified_gmt":"2022-10-11T07:42:43","slug":"cuerpo-de-ayudante-de-instituciones-penitenciarias-turno-libre-publicada-relacion-provisional-de-aspirantes-admitidos-y-excluidos-y-se-fija-fecha-de-realizacion-del-primer-ejercicio","status":"publish","type":"post","link":"https:\/\/www.emplea-te.com\/noticias-oposiciones\/cuerpo-de-ayudante-de-instituciones-penitenciarias-turno-libre-publicada-relacion-provisional-de-aspirantes-admitidos-y-excluidos-y-se-fija-fecha-de-realizacion-del-primer-ejercicio\/","title":{"rendered":"Cuerpo de Ayudante de Instituciones Penitenciarias (turno libre).Publicada relaci\u00f3n provisional de aspirantes admitidos y excluidos y se fija fecha de realizaci\u00f3n del primer ejercicio."},"content":{"rendered":"<p>Se publica en el BOE de hoy, d\u00eda 11 de octubre de 2022, la Resoluci\u00f3n por la que se aprueba la relaci\u00f3n provisional de personas admitidas y excluidas y se anuncia fecha, hora y lugar de celebraci\u00f3n del primer ejercicio de las pruebas selectivas para ingreso, por el sistema general de acceso libre, en el Cuerpo de Ayudantes de Instituciones Penitenciarias, convocadas por Resoluci\u00f3n de 14 de junio de 2022.<\/p>\n<p><a href=\"https:\/\/www.boe.es\/boe\/dias\/2022\/10\/11\/pdfs\/BOE-A-2022-16522.pdf\" target=\"_blank\" rel=\"noopener\"><strong>Desde este enlace puedes consultar la lista provisional de personas excluidas del proceso selectivo de referencia, que figura como anexo II de esta resoluci\u00f3n, con expresi\u00f3n de las causas de exclusi\u00f3n (anexo III).<\/strong><\/a><\/p>\n<p><strong>Plazo presentaci\u00f3n alegaciones:\u00a0<\/strong><br \/>\nTodas las personas aspirantes excluidas, as\u00ed como las omitidas por no figurar en la lista publicada disponen de un plazo de diez d\u00edas h\u00e1biles, contados a partir del siguiente al de la publicaci\u00f3n de esta resoluci\u00f3n en el BOE, para subsanar los defectos que hayan motivado su exclusi\u00f3n u omisi\u00f3n.<br \/>\nPor tanto<strong> el plazo para presentar alegaciones permanecer\u00e1 abierto desde el d\u00eda 13\/10\/2022 hasta el pr\u00f3ximo 26\/10\/2022.<\/strong><\/p>\n<p>&nbsp;<\/p>\n<p><strong>Realizaci\u00f3n primer ejercicio de la fase de oposici\u00f3n:<\/strong><br \/>\nSe convoca a todas las personas aspirantes admitidas para la realizaci\u00f3n del primer ejercicio de la fase de oposici\u00f3n del proceso selectivo para el ingreso, por el sistema general de acceso libre, en el Cuerpo de Ayudantes de Instituciones Penitenciarias, que se celebrar\u00e1 el d\u00eda <strong>27 de noviembre de 2022, en Madrid a las 10:00 horas (hora peninsular) y, en Las Palmas de Gran Canaria a las 9:00 horas (hora insular).<\/strong><br \/>\nCon la posterior publicaci\u00f3n de listados definitivos de personas aspirantes admitidas y excluidas, se concretar\u00e1 el lugar de celebraci\u00f3n del primer ejercicio, as\u00ed como su distribuci\u00f3n por Facultades y Aulas de las personas aspirantes.<\/p>\n<p><a href=\"https:\/\/www.boe.es\/boe\/dias\/2022\/10\/11\/pdfs\/BOE-A-2022-16522.pdf\" target=\"_blank\" rel=\"noopener\"><strong>Desde este enlace puedes acceder al contenido \u00edntegro de esta Resoluci\u00f3n publicada en el BOE de hoy.\u00a0<\/strong><\/a><\/p>\n<p>\u00a1\u00a1SUERTE!!<\/p>\n<p>&nbsp;<\/p>\n","protected":false},"excerpt":{"rendered":"<p>Se publica en el BOE de hoy, d\u00eda 11 de octubre de 2022, la Resoluci\u00f3n por la que se aprueba la relaci\u00f3n provisional de personas admitidas y excluidas y se anuncia fecha, hora y lugar de celebraci\u00f3n del primer ejercicio de las pruebas selectivas para ingreso, por el sistema general de acceso libre, en el &hellip; <a href=\"https:\/\/www.emplea-te.com\/noticias-oposiciones\/cuerpo-de-ayudante-de-instituciones-penitenciarias-turno-libre-publicada-relacion-provisional-de-aspirantes-admitidos-y-excluidos-y-se-fija-fecha-de-realizacion-del-primer-ejercicio\/\" class=\"more-link\">Continuar leyendo<span class=\"screen-reader-text\"> \u00abCuerpo de Ayudante de Instituciones Penitenciarias (turno libre).Publicada relaci\u00f3n provisional de aspirantes admitidos y excluidos y se fija fecha de realizaci\u00f3n del primer ejercicio.\u00bb<\/span><\/a><\/p>\n","protected":false},"author":1,"featured_media":0,"comment_status":"closed","ping_status":"closed","sticky":false,"template":"","format":"standard","meta":{"footnotes":""},"categories":[7,13],"tags":[82,49,71,70],"class_list":["post-7835","post","type-post","status-publish","format-standard","hentry","category-oposiciones-administracion-general-del-estado","category-ayudantes-de-instituciones-penitenciarias-c1-acceso-libre","tag-acceso-libre","tag-convocatorias-de-oposiciones","tag-fecha-examenes","tag-listas-provisionales-admitidos-y-excluidos"],"yoast_head":"<!-- This site is optimized with the Yoast SEO plugin v27.3 - https:\/\/yoast.com\/product\/yoast-seo-wordpress\/ -->\n<title>Cuerpo de Ayudante de Instituciones Penitenciarias (turno libre).<\/title>\n<meta name=\"description\" content=\"Cuerpo de Ayudante de Instituciones Penitenciarias (turno libre).Publicada relaci\u00f3n provisional de aspirantes admitidos y excluidos y se fija fecha de realizaci\u00f3n del primer ejercicio.\" \/>\n<meta name=\"robots\" content=\"index, follow, max-snippet:-1, max-image-preview:large, max-video-preview:-1\" \/>\n<link rel=\"canonical\" href=\"https:\/\/www.emplea-te.com\/noticias-oposiciones\/cuerpo-de-ayudante-de-instituciones-penitenciarias-turno-libre-publicada-relacion-provisional-de-aspirantes-admitidos-y-excluidos-y-se-fija-fecha-de-realizacion-del-primer-ejercicio\/\" \/>\n<meta property=\"og:locale\" content=\"es_ES\" \/>\n<meta property=\"og:type\" content=\"article\" \/>\n<meta property=\"og:title\" content=\"Cuerpo de Ayudante de Instituciones Penitenciarias (turno libre).\" \/>\n<meta property=\"og:description\" content=\"Cuerpo de Ayudante de Instituciones Penitenciarias (turno libre).Publicada relaci\u00f3n provisional de aspirantes admitidos y excluidos y se fija fecha de realizaci\u00f3n del primer ejercicio.\" \/>\n<meta property=\"og:url\" content=\"https:\/\/www.emplea-te.com\/noticias-oposiciones\/cuerpo-de-ayudante-de-instituciones-penitenciarias-turno-libre-publicada-relacion-provisional-de-aspirantes-admitidos-y-excluidos-y-se-fija-fecha-de-realizacion-del-primer-ejercicio\/\" \/>\n<meta property=\"og:site_name\" content=\"Noticas de oposiciones por Academia Emplea-te\" \/>\n<meta property=\"article:publisher\" content=\"https:\/\/www.facebook.com\/AcademiaEmpleate\/\" \/>\n<meta property=\"article:published_time\" content=\"2022-10-11T07:42:43+00:00\" \/>\n<meta name=\"author\" content=\"Empleate\" \/>\n<meta name=\"twitter:card\" content=\"summary_large_image\" \/>\n<meta name=\"twitter:creator\" content=\"@Emplea_Te\" \/>\n<meta name=\"twitter:site\" content=\"@Emplea_Te\" \/>\n<meta name=\"twitter:label1\" content=\"Escrito por\" \/>\n\t<meta name=\"twitter:data1\" content=\"Empleate\" \/>\n\t<meta name=\"twitter:label2\" content=\"Tiempo de lectura\" \/>\n\t<meta name=\"twitter:data2\" content=\"2 minutos\" \/>\n<script type=\"application\/ld+json\" class=\"yoast-schema-graph\">{\"@context\":\"https:\\\/\\\/schema.org\",\"@graph\":[{\"@type\":\"Article\",\"@id\":\"https:\\\/\\\/www.emplea-te.com\\\/noticias-oposiciones\\\/cuerpo-de-ayudante-de-instituciones-penitenciarias-turno-libre-publicada-relacion-provisional-de-aspirantes-admitidos-y-excluidos-y-se-fija-fecha-de-realizacion-del-primer-ejercicio\\\/#article\",\"isPartOf\":{\"@id\":\"https:\\\/\\\/www.emplea-te.com\\\/noticias-oposiciones\\\/cuerpo-de-ayudante-de-instituciones-penitenciarias-turno-libre-publicada-relacion-provisional-de-aspirantes-admitidos-y-excluidos-y-se-fija-fecha-de-realizacion-del-primer-ejercicio\\\/\"},\"author\":{\"name\":\"Empleate\",\"@id\":\"https:\\\/\\\/www.emplea-te.com\\\/noticias-oposiciones\\\/#\\\/schema\\\/person\\\/d1bc587e1af2b95e9c32aba1795509a6\"},\"headline\":\"Cuerpo de Ayudante de Instituciones Penitenciarias (turno libre).Publicada relaci\u00f3n provisional de aspirantes admitidos y excluidos y se fija fecha de realizaci\u00f3n del primer ejercicio.\",\"datePublished\":\"2022-10-11T07:42:43+00:00\",\"mainEntityOfPage\":{\"@id\":\"https:\\\/\\\/www.emplea-te.com\\\/noticias-oposiciones\\\/cuerpo-de-ayudante-de-instituciones-penitenciarias-turno-libre-publicada-relacion-provisional-de-aspirantes-admitidos-y-excluidos-y-se-fija-fecha-de-realizacion-del-primer-ejercicio\\\/\"},\"wordCount\":349,\"publisher\":{\"@id\":\"https:\\\/\\\/www.emplea-te.com\\\/noticias-oposiciones\\\/#organization\"},\"keywords\":[\"Acceso libre\",\"Convocatoria\",\"Fecha ex\u00e1menes\",\"Listas provisionales admitidos y excluidos\"],\"articleSection\":[\"Oposiciones Administraci\u00f3n General del Estado\",\"Oposiciones Ayudantes de Instituciones Penitenciarias C1\"],\"inLanguage\":\"es\"},{\"@type\":\"WebPage\",\"@id\":\"https:\\\/\\\/www.emplea-te.com\\\/noticias-oposiciones\\\/cuerpo-de-ayudante-de-instituciones-penitenciarias-turno-libre-publicada-relacion-provisional-de-aspirantes-admitidos-y-excluidos-y-se-fija-fecha-de-realizacion-del-primer-ejercicio\\\/\",\"url\":\"https:\\\/\\\/www.emplea-te.com\\\/noticias-oposiciones\\\/cuerpo-de-ayudante-de-instituciones-penitenciarias-turno-libre-publicada-relacion-provisional-de-aspirantes-admitidos-y-excluidos-y-se-fija-fecha-de-realizacion-del-primer-ejercicio\\\/\",\"name\":\"Cuerpo de Ayudante de Instituciones Penitenciarias (turno libre).\",\"isPartOf\":{\"@id\":\"https:\\\/\\\/www.emplea-te.com\\\/noticias-oposiciones\\\/#website\"},\"datePublished\":\"2022-10-11T07:42:43+00:00\",\"description\":\"Cuerpo de Ayudante de Instituciones Penitenciarias (turno libre).Publicada relaci\u00f3n provisional de aspirantes admitidos y excluidos y se fija fecha de realizaci\u00f3n del primer ejercicio.\",\"breadcrumb\":{\"@id\":\"https:\\\/\\\/www.emplea-te.com\\\/noticias-oposiciones\\\/cuerpo-de-ayudante-de-instituciones-penitenciarias-turno-libre-publicada-relacion-provisional-de-aspirantes-admitidos-y-excluidos-y-se-fija-fecha-de-realizacion-del-primer-ejercicio\\\/#breadcrumb\"},\"inLanguage\":\"es\",\"potentialAction\":[{\"@type\":\"ReadAction\",\"target\":[\"https:\\\/\\\/www.emplea-te.com\\\/noticias-oposiciones\\\/cuerpo-de-ayudante-de-instituciones-penitenciarias-turno-libre-publicada-relacion-provisional-de-aspirantes-admitidos-y-excluidos-y-se-fija-fecha-de-realizacion-del-primer-ejercicio\\\/\"]}]},{\"@type\":\"BreadcrumbList\",\"@id\":\"https:\\\/\\\/www.emplea-te.com\\\/noticias-oposiciones\\\/cuerpo-de-ayudante-de-instituciones-penitenciarias-turno-libre-publicada-relacion-provisional-de-aspirantes-admitidos-y-excluidos-y-se-fija-fecha-de-realizacion-del-primer-ejercicio\\\/#breadcrumb\",\"itemListElement\":[{\"@type\":\"ListItem\",\"position\":1,\"name\":\"Noticias Oposiciones\",\"item\":\"https:\\\/\\\/www.emplea-te.com\\\/noticias-oposiciones\\\/\"},{\"@type\":\"ListItem\",\"position\":2,\"name\":\"Oposiciones Administraci\u00f3n General del Estado\",\"item\":\"https:\\\/\\\/www.emplea-te.com\\\/noticias-oposiciones\\\/categoria\\\/oposiciones-administracion-general-del-estado\\\/\"},{\"@type\":\"ListItem\",\"position\":3,\"name\":\"Cuerpo de Ayudante de Instituciones Penitenciarias (turno libre).Publicada relaci\u00f3n provisional de aspirantes admitidos y excluidos y se fija fecha de realizaci\u00f3n del primer ejercicio.\"}]},{\"@type\":\"WebSite\",\"@id\":\"https:\\\/\\\/www.emplea-te.com\\\/noticias-oposiciones\\\/#website\",\"url\":\"https:\\\/\\\/www.emplea-te.com\\\/noticias-oposiciones\\\/\",\"name\":\"Noticas de oposiciones por Academia Emplea-te\",\"description\":\"Toda la actualidad de las ofertas y convocatorias.\",\"publisher\":{\"@id\":\"https:\\\/\\\/www.emplea-te.com\\\/noticias-oposiciones\\\/#organization\"},\"potentialAction\":[{\"@type\":\"SearchAction\",\"target\":{\"@type\":\"EntryPoint\",\"urlTemplate\":\"https:\\\/\\\/www.emplea-te.com\\\/noticias-oposiciones\\\/?s={search_term_string}\"},\"query-input\":{\"@type\":\"PropertyValueSpecification\",\"valueRequired\":true,\"valueName\":\"search_term_string\"}}],\"inLanguage\":\"es\"},{\"@type\":\"Organization\",\"@id\":\"https:\\\/\\\/www.emplea-te.com\\\/noticias-oposiciones\\\/#organization\",\"name\":\"Academia de oposiciones Empl\u00e9ate\",\"url\":\"https:\\\/\\\/www.emplea-te.com\\\/noticias-oposiciones\\\/\",\"logo\":{\"@type\":\"ImageObject\",\"inLanguage\":\"es\",\"@id\":\"https:\\\/\\\/www.emplea-te.com\\\/noticias-oposiciones\\\/#\\\/schema\\\/logo\\\/image\\\/\",\"url\":\"https:\\\/\\\/www.emplea-te.com\\\/noticias-oposiciones\\\/wp-content\\\/uploads\\\/2019\\\/04\\\/empleate.jpg\",\"contentUrl\":\"https:\\\/\\\/www.emplea-te.com\\\/noticias-oposiciones\\\/wp-content\\\/uploads\\\/2019\\\/04\\\/empleate.jpg\",\"width\":250,\"height\":150,\"caption\":\"Academia de oposiciones Empl\u00e9ate\"},\"image\":{\"@id\":\"https:\\\/\\\/www.emplea-te.com\\\/noticias-oposiciones\\\/#\\\/schema\\\/logo\\\/image\\\/\"},\"sameAs\":[\"https:\\\/\\\/www.facebook.com\\\/AcademiaEmpleate\\\/\",\"https:\\\/\\\/x.com\\\/Emplea_Te\",\"https:\\\/\\\/www.instagram.com\\\/academia_empleate\\\/\"]},{\"@type\":\"Person\",\"@id\":\"https:\\\/\\\/www.emplea-te.com\\\/noticias-oposiciones\\\/#\\\/schema\\\/person\\\/d1bc587e1af2b95e9c32aba1795509a6\",\"name\":\"Empleate\"}]}<\/script>\n<!-- \/ Yoast SEO plugin. -->","yoast_head_json":{"title":"Cuerpo de Ayudante de Instituciones Penitenciarias (turno libre).","description":"Cuerpo de Ayudante de Instituciones Penitenciarias (turno libre).Publicada relaci\u00f3n provisional de aspirantes admitidos y excluidos y se fija fecha de realizaci\u00f3n del primer ejercicio.","robots":{"index":"index","follow":"follow","max-snippet":"max-snippet:-1","max-image-preview":"max-image-preview:large","max-video-preview":"max-video-preview:-1"},"canonical":"https:\/\/www.emplea-te.com\/noticias-oposiciones\/cuerpo-de-ayudante-de-instituciones-penitenciarias-turno-libre-publicada-relacion-provisional-de-aspirantes-admitidos-y-excluidos-y-se-fija-fecha-de-realizacion-del-primer-ejercicio\/","og_locale":"es_ES","og_type":"article","og_title":"Cuerpo de Ayudante de Instituciones Penitenciarias (turno libre).","og_description":"Cuerpo de Ayudante de Instituciones Penitenciarias (turno libre).Publicada relaci\u00f3n provisional de aspirantes admitidos y excluidos y se fija fecha de realizaci\u00f3n del primer ejercicio.","og_url":"https:\/\/www.emplea-te.com\/noticias-oposiciones\/cuerpo-de-ayudante-de-instituciones-penitenciarias-turno-libre-publicada-relacion-provisional-de-aspirantes-admitidos-y-excluidos-y-se-fija-fecha-de-realizacion-del-primer-ejercicio\/","og_site_name":"Noticas de oposiciones por Academia Emplea-te","article_publisher":"https:\/\/www.facebook.com\/AcademiaEmpleate\/","article_published_time":"2022-10-11T07:42:43+00:00","author":"Empleate","twitter_card":"summary_large_image","twitter_creator":"@Emplea_Te","twitter_site":"@Emplea_Te","twitter_misc":{"Escrito por":"Empleate","Tiempo de lectura":"2 minutos"},"schema":{"@context":"https:\/\/schema.org","@graph":[{"@type":"Article","@id":"https:\/\/www.emplea-te.com\/noticias-oposiciones\/cuerpo-de-ayudante-de-instituciones-penitenciarias-turno-libre-publicada-relacion-provisional-de-aspirantes-admitidos-y-excluidos-y-se-fija-fecha-de-realizacion-del-primer-ejercicio\/#article","isPartOf":{"@id":"https:\/\/www.emplea-te.com\/noticias-oposiciones\/cuerpo-de-ayudante-de-instituciones-penitenciarias-turno-libre-publicada-relacion-provisional-de-aspirantes-admitidos-y-excluidos-y-se-fija-fecha-de-realizacion-del-primer-ejercicio\/"},"author":{"name":"Empleate","@id":"https:\/\/www.emplea-te.com\/noticias-oposiciones\/#\/schema\/person\/d1bc587e1af2b95e9c32aba1795509a6"},"headline":"Cuerpo de Ayudante de Instituciones Penitenciarias (turno libre).Publicada relaci\u00f3n provisional de aspirantes admitidos y excluidos y se fija fecha de realizaci\u00f3n del primer ejercicio.","datePublished":"2022-10-11T07:42:43+00:00","mainEntityOfPage":{"@id":"https:\/\/www.emplea-te.com\/noticias-oposiciones\/cuerpo-de-ayudante-de-instituciones-penitenciarias-turno-libre-publicada-relacion-provisional-de-aspirantes-admitidos-y-excluidos-y-se-fija-fecha-de-realizacion-del-primer-ejercicio\/"},"wordCount":349,"publisher":{"@id":"https:\/\/www.emplea-te.com\/noticias-oposiciones\/#organization"},"keywords":["Acceso libre","Convocatoria","Fecha ex\u00e1menes","Listas provisionales admitidos y excluidos"],"articleSection":["Oposiciones Administraci\u00f3n General del Estado","Oposiciones Ayudantes de Instituciones Penitenciarias C1"],"inLanguage":"es"},{"@type":"WebPage","@id":"https:\/\/www.emplea-te.com\/noticias-oposiciones\/cuerpo-de-ayudante-de-instituciones-penitenciarias-turno-libre-publicada-relacion-provisional-de-aspirantes-admitidos-y-excluidos-y-se-fija-fecha-de-realizacion-del-primer-ejercicio\/","url":"https:\/\/www.emplea-te.com\/noticias-oposiciones\/cuerpo-de-ayudante-de-instituciones-penitenciarias-turno-libre-publicada-relacion-provisional-de-aspirantes-admitidos-y-excluidos-y-se-fija-fecha-de-realizacion-del-primer-ejercicio\/","name":"Cuerpo de Ayudante de Instituciones Penitenciarias (turno libre).","isPartOf":{"@id":"https:\/\/www.emplea-te.com\/noticias-oposiciones\/#website"},"datePublished":"2022-10-11T07:42:43+00:00","description":"Cuerpo de Ayudante de Instituciones Penitenciarias (turno libre).Publicada relaci\u00f3n provisional de aspirantes admitidos y excluidos y se fija fecha de realizaci\u00f3n del primer ejercicio.","breadcrumb":{"@id":"https:\/\/www.emplea-te.com\/noticias-oposiciones\/cuerpo-de-ayudante-de-instituciones-penitenciarias-turno-libre-publicada-relacion-provisional-de-aspirantes-admitidos-y-excluidos-y-se-fija-fecha-de-realizacion-del-primer-ejercicio\/#breadcrumb"},"inLanguage":"es","potentialAction":[{"@type":"ReadAction","target":["https:\/\/www.emplea-te.com\/noticias-oposiciones\/cuerpo-de-ayudante-de-instituciones-penitenciarias-turno-libre-publicada-relacion-provisional-de-aspirantes-admitidos-y-excluidos-y-se-fija-fecha-de-realizacion-del-primer-ejercicio\/"]}]},{"@type":"BreadcrumbList","@id":"https:\/\/www.emplea-te.com\/noticias-oposiciones\/cuerpo-de-ayudante-de-instituciones-penitenciarias-turno-libre-publicada-relacion-provisional-de-aspirantes-admitidos-y-excluidos-y-se-fija-fecha-de-realizacion-del-primer-ejercicio\/#breadcrumb","itemListElement":[{"@type":"ListItem","position":1,"name":"Noticias Oposiciones","item":"https:\/\/www.emplea-te.com\/noticias-oposiciones\/"},{"@type":"ListItem","position":2,"name":"Oposiciones Administraci\u00f3n General del Estado","item":"https:\/\/www.emplea-te.com\/noticias-oposiciones\/categoria\/oposiciones-administracion-general-del-estado\/"},{"@type":"ListItem","position":3,"name":"Cuerpo de Ayudante de Instituciones Penitenciarias (turno libre).Publicada relaci\u00f3n provisional de aspirantes admitidos y excluidos y se fija fecha de realizaci\u00f3n del primer ejercicio."}]},{"@type":"WebSite","@id":"https:\/\/www.emplea-te.com\/noticias-oposiciones\/#website","url":"https:\/\/www.emplea-te.com\/noticias-oposiciones\/","name":"Noticas de oposiciones por Academia Emplea-te","description":"Toda la actualidad de las ofertas y convocatorias.","publisher":{"@id":"https:\/\/www.emplea-te.com\/noticias-oposiciones\/#organization"},"potentialAction":[{"@type":"SearchAction","target":{"@type":"EntryPoint","urlTemplate":"https:\/\/www.emplea-te.com\/noticias-oposiciones\/?s={search_term_string}"},"query-input":{"@type":"PropertyValueSpecification","valueRequired":true,"valueName":"search_term_string"}}],"inLanguage":"es"},{"@type":"Organization","@id":"https:\/\/www.emplea-te.com\/noticias-oposiciones\/#organization","name":"Academia de oposiciones Empl\u00e9ate","url":"https:\/\/www.emplea-te.com\/noticias-oposiciones\/","logo":{"@type":"ImageObject","inLanguage":"es","@id":"https:\/\/www.emplea-te.com\/noticias-oposiciones\/#\/schema\/logo\/image\/","url":"https:\/\/www.emplea-te.com\/noticias-oposiciones\/wp-content\/uploads\/2019\/04\/empleate.jpg","contentUrl":"https:\/\/www.emplea-te.com\/noticias-oposiciones\/wp-content\/uploads\/2019\/04\/empleate.jpg","width":250,"height":150,"caption":"Academia de oposiciones Empl\u00e9ate"},"image":{"@id":"https:\/\/www.emplea-te.com\/noticias-oposiciones\/#\/schema\/logo\/image\/"},"sameAs":["https:\/\/www.facebook.com\/AcademiaEmpleate\/","https:\/\/x.com\/Emplea_Te","https:\/\/www.instagram.com\/academia_empleate\/"]},{"@type":"Person","@id":"https:\/\/www.emplea-te.com\/noticias-oposiciones\/#\/schema\/person\/d1bc587e1af2b95e9c32aba1795509a6","name":"Empleate"}]}},"_links":{"self":[{"href":"https:\/\/www.emplea-te.com\/noticias-oposiciones\/wp-json\/wp\/v2\/posts\/7835","targetHints":{"allow":["GET"]}}],"collection":[{"href":"https:\/\/www.emplea-te.com\/noticias-oposiciones\/wp-json\/wp\/v2\/posts"}],"about":[{"href":"https:\/\/www.emplea-te.com\/noticias-oposiciones\/wp-json\/wp\/v2\/types\/post"}],"author":[{"embeddable":true,"href":"https:\/\/www.emplea-te.com\/noticias-oposiciones\/wp-json\/wp\/v2\/users\/1"}],"replies":[{"embeddable":true,"href":"https:\/\/www.emplea-te.com\/noticias-oposiciones\/wp-json\/wp\/v2\/comments?post=7835"}],"version-history":[{"count":1,"href":"https:\/\/www.emplea-te.com\/noticias-oposiciones\/wp-json\/wp\/v2\/posts\/7835\/revisions"}],"predecessor-version":[{"id":7836,"href":"https:\/\/www.emplea-te.com\/noticias-oposiciones\/wp-json\/wp\/v2\/posts\/7835\/revisions\/7836"}],"wp:attachment":[{"href":"https:\/\/www.emplea-te.com\/noticias-oposiciones\/wp-json\/wp\/v2\/media?parent=7835"}],"wp:term":[{"taxonomy":"category","embeddable":true,"href":"https:\/\/www.emplea-te.com\/noticias-oposiciones\/wp-json\/wp\/v2\/categories?post=7835"},{"taxonomy":"post_tag","embeddable":true,"href":"https:\/\/www.emplea-te.com\/noticias-oposiciones\/wp-json\/wp\/v2\/tags?post=7835"}],"curies":[{"name":"wp","href":"https:\/\/api.w.org\/{rel}","templated":true}]}}