{"id":7856,"date":"2022-10-14T12:22:50","date_gmt":"2022-10-14T10:22:50","guid":{"rendered":"https:\/\/www.emplea-te.com\/noticias-oposiciones\/?p=7856"},"modified":"2022-10-14T12:22:50","modified_gmt":"2022-10-14T10:22:50","slug":"ayuntamiento-de-madrid-aprobados-proceso-selectivo-convocado-para-cubrir-6-plazas-de-archivos-y-bibliotecas-a2","status":"publish","type":"post","link":"https:\/\/www.emplea-te.com\/noticias-oposiciones\/ayuntamiento-de-madrid-aprobados-proceso-selectivo-convocado-para-cubrir-6-plazas-de-archivos-y-bibliotecas-a2\/","title":{"rendered":"Ayuntamiento de Madrid. Aprobados proceso selectivo convocado para cubrir 6 plazas de Archivos y Bibliotecas A2."},"content":{"rendered":"<p>Se publica en el BOAM de hoy, d\u00eda 14 de octubre de 2022, la Resoluci\u00f3n de 10 de octubre de 2022 del Director General de Planificaci\u00f3n de Recursos Humanos por la que se dispone que por el \u00f3rgano competente se proceda a la publicaci\u00f3n en el Bolet\u00edn Oficial del Ayuntamiento de Madrid de la relaci\u00f3n de aprobados del proceso selectivo convocado para proveer 6 plazas de la categor\u00eda de Archivero\/a Bibliotecario\/a del Ayuntamiento de Madrid.<\/p>\n<p><a href=\"https:\/\/sede.madrid.es\/UnidadesDescentralizadas\/UDCBOAM\/2019Junio\/Areas\/HaciendaPersonal\/2022\/Personal\/Convocatoria%20Oposici%C3%B3n\/ANEXO%20Convocatoria%20Oposici%C3%B3n\/ANEXO%20lista%20def%20aprob%206%20pl%20Archivero%20Bibliotecario%20PII.pdf\" target=\"_blank\" rel=\"noopener\"><strong>Desde este enlace puedes acceder al anexo de la Resoluci\u00f3n y consultar la relaci\u00f3n de aprobados y sus puntuaciones.\u00a0<\/strong><\/a><\/p>\n<p><a href=\"https:\/\/sede.madrid.es\/portal\/site\/tramites\/menuitem.b4c91589e7f6a5d829da39e5a8a409a0\/?vgnextoid=9abba8e2a13c3810VgnVCM1000001d4a900aRCRD&amp;vgnextchannel=741d814231ede410VgnVCM1000000b205a0aRCRD&amp;vgnextfmt=default\" target=\"_blank\" rel=\"noopener\"><strong>Desde este enlace puedes acceder a la Resoluci\u00f3n referente a este proceso selectivo publicada en BOAM de hoy.<\/strong><\/a><\/p>\n<p>\u00a1ENHORABUENA!<\/p>\n","protected":false},"excerpt":{"rendered":"<p>Se publica en el BOAM de hoy, d\u00eda 14 de octubre de 2022, la Resoluci\u00f3n de 10 de octubre de 2022 del Director General de Planificaci\u00f3n de Recursos Humanos por la que se dispone que por el \u00f3rgano competente se proceda a la publicaci\u00f3n en el Bolet\u00edn Oficial del Ayuntamiento de Madrid de la relaci\u00f3n &hellip; <a href=\"https:\/\/www.emplea-te.com\/noticias-oposiciones\/ayuntamiento-de-madrid-aprobados-proceso-selectivo-convocado-para-cubrir-6-plazas-de-archivos-y-bibliotecas-a2\/\" class=\"more-link\">Continuar leyendo<span class=\"screen-reader-text\"> \u00abAyuntamiento de Madrid. Aprobados proceso selectivo convocado para cubrir 6 plazas de Archivos y Bibliotecas A2.\u00bb<\/span><\/a><\/p>\n","protected":false},"author":1,"featured_media":0,"comment_status":"closed","ping_status":"closed","sticky":false,"template":"","format":"standard","meta":{"footnotes":""},"categories":[109],"tags":[82,88],"class_list":["post-7856","post","type-post","status-publish","format-standard","hentry","category-oposiciones-madrid","tag-acceso-libre","tag-aprobados-proceso-selectivo"],"yoast_head":"<!-- This site is optimized with the Yoast SEO plugin v27.3 - https:\/\/yoast.com\/product\/yoast-seo-wordpress\/ -->\n<title>Ayuntamiento de Madrid. Aprobados proceso selectivo .<\/title>\n<meta name=\"description\" content=\"Ayuntamiento de Madrid. Aprobados proceso selectivo convocado para cubrir 6 plazas de Archivos y Bibliotecas A2.\" \/>\n<meta name=\"robots\" content=\"index, follow, max-snippet:-1, max-image-preview:large, max-video-preview:-1\" \/>\n<link rel=\"canonical\" href=\"https:\/\/www.emplea-te.com\/noticias-oposiciones\/ayuntamiento-de-madrid-aprobados-proceso-selectivo-convocado-para-cubrir-6-plazas-de-archivos-y-bibliotecas-a2\/\" \/>\n<meta property=\"og:locale\" content=\"es_ES\" \/>\n<meta property=\"og:type\" content=\"article\" \/>\n<meta property=\"og:title\" content=\"Ayuntamiento de Madrid. Aprobados proceso selectivo .\" \/>\n<meta property=\"og:description\" content=\"Ayuntamiento de Madrid. Aprobados proceso selectivo convocado para cubrir 6 plazas de Archivos y Bibliotecas A2.\" \/>\n<meta property=\"og:url\" content=\"https:\/\/www.emplea-te.com\/noticias-oposiciones\/ayuntamiento-de-madrid-aprobados-proceso-selectivo-convocado-para-cubrir-6-plazas-de-archivos-y-bibliotecas-a2\/\" \/>\n<meta property=\"og:site_name\" content=\"Noticas de oposiciones por Academia Emplea-te\" \/>\n<meta property=\"article:publisher\" content=\"https:\/\/www.facebook.com\/AcademiaEmpleate\/\" \/>\n<meta property=\"article:published_time\" content=\"2022-10-14T10:22:50+00:00\" \/>\n<meta name=\"author\" content=\"Empleate\" \/>\n<meta name=\"twitter:card\" content=\"summary_large_image\" \/>\n<meta name=\"twitter:creator\" content=\"@Emplea_Te\" \/>\n<meta name=\"twitter:site\" content=\"@Emplea_Te\" \/>\n<meta name=\"twitter:label1\" content=\"Escrito por\" \/>\n\t<meta name=\"twitter:data1\" content=\"Empleate\" \/>\n\t<meta name=\"twitter:label2\" content=\"Tiempo de lectura\" \/>\n\t<meta name=\"twitter:data2\" content=\"1 minuto\" \/>\n<script type=\"application\/ld+json\" class=\"yoast-schema-graph\">{\"@context\":\"https:\\\/\\\/schema.org\",\"@graph\":[{\"@type\":\"Article\",\"@id\":\"https:\\\/\\\/www.emplea-te.com\\\/noticias-oposiciones\\\/ayuntamiento-de-madrid-aprobados-proceso-selectivo-convocado-para-cubrir-6-plazas-de-archivos-y-bibliotecas-a2\\\/#article\",\"isPartOf\":{\"@id\":\"https:\\\/\\\/www.emplea-te.com\\\/noticias-oposiciones\\\/ayuntamiento-de-madrid-aprobados-proceso-selectivo-convocado-para-cubrir-6-plazas-de-archivos-y-bibliotecas-a2\\\/\"},\"author\":{\"name\":\"Empleate\",\"@id\":\"https:\\\/\\\/www.emplea-te.com\\\/noticias-oposiciones\\\/#\\\/schema\\\/person\\\/d1bc587e1af2b95e9c32aba1795509a6\"},\"headline\":\"Ayuntamiento de Madrid. Aprobados proceso selectivo convocado para cubrir 6 plazas de Archivos y Bibliotecas A2.\",\"datePublished\":\"2022-10-14T10:22:50+00:00\",\"mainEntityOfPage\":{\"@id\":\"https:\\\/\\\/www.emplea-te.com\\\/noticias-oposiciones\\\/ayuntamiento-de-madrid-aprobados-proceso-selectivo-convocado-para-cubrir-6-plazas-de-archivos-y-bibliotecas-a2\\\/\"},\"wordCount\":135,\"publisher\":{\"@id\":\"https:\\\/\\\/www.emplea-te.com\\\/noticias-oposiciones\\\/#organization\"},\"keywords\":[\"Acceso libre\",\"Aprobados proceso selectivo\"],\"articleSection\":[\"Oposiciones Madrid.\"],\"inLanguage\":\"es\"},{\"@type\":\"WebPage\",\"@id\":\"https:\\\/\\\/www.emplea-te.com\\\/noticias-oposiciones\\\/ayuntamiento-de-madrid-aprobados-proceso-selectivo-convocado-para-cubrir-6-plazas-de-archivos-y-bibliotecas-a2\\\/\",\"url\":\"https:\\\/\\\/www.emplea-te.com\\\/noticias-oposiciones\\\/ayuntamiento-de-madrid-aprobados-proceso-selectivo-convocado-para-cubrir-6-plazas-de-archivos-y-bibliotecas-a2\\\/\",\"name\":\"Ayuntamiento de Madrid. Aprobados proceso selectivo .\",\"isPartOf\":{\"@id\":\"https:\\\/\\\/www.emplea-te.com\\\/noticias-oposiciones\\\/#website\"},\"datePublished\":\"2022-10-14T10:22:50+00:00\",\"description\":\"Ayuntamiento de Madrid. Aprobados proceso selectivo convocado para cubrir 6 plazas de Archivos y Bibliotecas A2.\",\"breadcrumb\":{\"@id\":\"https:\\\/\\\/www.emplea-te.com\\\/noticias-oposiciones\\\/ayuntamiento-de-madrid-aprobados-proceso-selectivo-convocado-para-cubrir-6-plazas-de-archivos-y-bibliotecas-a2\\\/#breadcrumb\"},\"inLanguage\":\"es\",\"potentialAction\":[{\"@type\":\"ReadAction\",\"target\":[\"https:\\\/\\\/www.emplea-te.com\\\/noticias-oposiciones\\\/ayuntamiento-de-madrid-aprobados-proceso-selectivo-convocado-para-cubrir-6-plazas-de-archivos-y-bibliotecas-a2\\\/\"]}]},{\"@type\":\"BreadcrumbList\",\"@id\":\"https:\\\/\\\/www.emplea-te.com\\\/noticias-oposiciones\\\/ayuntamiento-de-madrid-aprobados-proceso-selectivo-convocado-para-cubrir-6-plazas-de-archivos-y-bibliotecas-a2\\\/#breadcrumb\",\"itemListElement\":[{\"@type\":\"ListItem\",\"position\":1,\"name\":\"Noticias Oposiciones\",\"item\":\"https:\\\/\\\/www.emplea-te.com\\\/noticias-oposiciones\\\/\"},{\"@type\":\"ListItem\",\"position\":2,\"name\":\"Oposiciones Madrid.\",\"item\":\"https:\\\/\\\/www.emplea-te.com\\\/noticias-oposiciones\\\/categoria\\\/oposiciones-madrid\\\/\"},{\"@type\":\"ListItem\",\"position\":3,\"name\":\"Ayuntamiento de Madrid. Aprobados proceso selectivo convocado para cubrir 6 plazas de Archivos y Bibliotecas A2.\"}]},{\"@type\":\"WebSite\",\"@id\":\"https:\\\/\\\/www.emplea-te.com\\\/noticias-oposiciones\\\/#website\",\"url\":\"https:\\\/\\\/www.emplea-te.com\\\/noticias-oposiciones\\\/\",\"name\":\"Noticas de oposiciones por Academia Emplea-te\",\"description\":\"Toda la actualidad de las ofertas y convocatorias.\",\"publisher\":{\"@id\":\"https:\\\/\\\/www.emplea-te.com\\\/noticias-oposiciones\\\/#organization\"},\"potentialAction\":[{\"@type\":\"SearchAction\",\"target\":{\"@type\":\"EntryPoint\",\"urlTemplate\":\"https:\\\/\\\/www.emplea-te.com\\\/noticias-oposiciones\\\/?s={search_term_string}\"},\"query-input\":{\"@type\":\"PropertyValueSpecification\",\"valueRequired\":true,\"valueName\":\"search_term_string\"}}],\"inLanguage\":\"es\"},{\"@type\":\"Organization\",\"@id\":\"https:\\\/\\\/www.emplea-te.com\\\/noticias-oposiciones\\\/#organization\",\"name\":\"Academia de oposiciones Empl\u00e9ate\",\"url\":\"https:\\\/\\\/www.emplea-te.com\\\/noticias-oposiciones\\\/\",\"logo\":{\"@type\":\"ImageObject\",\"inLanguage\":\"es\",\"@id\":\"https:\\\/\\\/www.emplea-te.com\\\/noticias-oposiciones\\\/#\\\/schema\\\/logo\\\/image\\\/\",\"url\":\"https:\\\/\\\/www.emplea-te.com\\\/noticias-oposiciones\\\/wp-content\\\/uploads\\\/2019\\\/04\\\/empleate.jpg\",\"contentUrl\":\"https:\\\/\\\/www.emplea-te.com\\\/noticias-oposiciones\\\/wp-content\\\/uploads\\\/2019\\\/04\\\/empleate.jpg\",\"width\":250,\"height\":150,\"caption\":\"Academia de oposiciones Empl\u00e9ate\"},\"image\":{\"@id\":\"https:\\\/\\\/www.emplea-te.com\\\/noticias-oposiciones\\\/#\\\/schema\\\/logo\\\/image\\\/\"},\"sameAs\":[\"https:\\\/\\\/www.facebook.com\\\/AcademiaEmpleate\\\/\",\"https:\\\/\\\/x.com\\\/Emplea_Te\",\"https:\\\/\\\/www.instagram.com\\\/academia_empleate\\\/\"]},{\"@type\":\"Person\",\"@id\":\"https:\\\/\\\/www.emplea-te.com\\\/noticias-oposiciones\\\/#\\\/schema\\\/person\\\/d1bc587e1af2b95e9c32aba1795509a6\",\"name\":\"Empleate\"}]}<\/script>\n<!-- \/ Yoast SEO plugin. -->","yoast_head_json":{"title":"Ayuntamiento de Madrid. Aprobados proceso selectivo .","description":"Ayuntamiento de Madrid. Aprobados proceso selectivo convocado para cubrir 6 plazas de Archivos y Bibliotecas A2.","robots":{"index":"index","follow":"follow","max-snippet":"max-snippet:-1","max-image-preview":"max-image-preview:large","max-video-preview":"max-video-preview:-1"},"canonical":"https:\/\/www.emplea-te.com\/noticias-oposiciones\/ayuntamiento-de-madrid-aprobados-proceso-selectivo-convocado-para-cubrir-6-plazas-de-archivos-y-bibliotecas-a2\/","og_locale":"es_ES","og_type":"article","og_title":"Ayuntamiento de Madrid. Aprobados proceso selectivo .","og_description":"Ayuntamiento de Madrid. Aprobados proceso selectivo convocado para cubrir 6 plazas de Archivos y Bibliotecas A2.","og_url":"https:\/\/www.emplea-te.com\/noticias-oposiciones\/ayuntamiento-de-madrid-aprobados-proceso-selectivo-convocado-para-cubrir-6-plazas-de-archivos-y-bibliotecas-a2\/","og_site_name":"Noticas de oposiciones por Academia Emplea-te","article_publisher":"https:\/\/www.facebook.com\/AcademiaEmpleate\/","article_published_time":"2022-10-14T10:22:50+00:00","author":"Empleate","twitter_card":"summary_large_image","twitter_creator":"@Emplea_Te","twitter_site":"@Emplea_Te","twitter_misc":{"Escrito por":"Empleate","Tiempo de lectura":"1 minuto"},"schema":{"@context":"https:\/\/schema.org","@graph":[{"@type":"Article","@id":"https:\/\/www.emplea-te.com\/noticias-oposiciones\/ayuntamiento-de-madrid-aprobados-proceso-selectivo-convocado-para-cubrir-6-plazas-de-archivos-y-bibliotecas-a2\/#article","isPartOf":{"@id":"https:\/\/www.emplea-te.com\/noticias-oposiciones\/ayuntamiento-de-madrid-aprobados-proceso-selectivo-convocado-para-cubrir-6-plazas-de-archivos-y-bibliotecas-a2\/"},"author":{"name":"Empleate","@id":"https:\/\/www.emplea-te.com\/noticias-oposiciones\/#\/schema\/person\/d1bc587e1af2b95e9c32aba1795509a6"},"headline":"Ayuntamiento de Madrid. Aprobados proceso selectivo convocado para cubrir 6 plazas de Archivos y Bibliotecas A2.","datePublished":"2022-10-14T10:22:50+00:00","mainEntityOfPage":{"@id":"https:\/\/www.emplea-te.com\/noticias-oposiciones\/ayuntamiento-de-madrid-aprobados-proceso-selectivo-convocado-para-cubrir-6-plazas-de-archivos-y-bibliotecas-a2\/"},"wordCount":135,"publisher":{"@id":"https:\/\/www.emplea-te.com\/noticias-oposiciones\/#organization"},"keywords":["Acceso libre","Aprobados proceso selectivo"],"articleSection":["Oposiciones Madrid."],"inLanguage":"es"},{"@type":"WebPage","@id":"https:\/\/www.emplea-te.com\/noticias-oposiciones\/ayuntamiento-de-madrid-aprobados-proceso-selectivo-convocado-para-cubrir-6-plazas-de-archivos-y-bibliotecas-a2\/","url":"https:\/\/www.emplea-te.com\/noticias-oposiciones\/ayuntamiento-de-madrid-aprobados-proceso-selectivo-convocado-para-cubrir-6-plazas-de-archivos-y-bibliotecas-a2\/","name":"Ayuntamiento de Madrid. Aprobados proceso selectivo .","isPartOf":{"@id":"https:\/\/www.emplea-te.com\/noticias-oposiciones\/#website"},"datePublished":"2022-10-14T10:22:50+00:00","description":"Ayuntamiento de Madrid. Aprobados proceso selectivo convocado para cubrir 6 plazas de Archivos y Bibliotecas A2.","breadcrumb":{"@id":"https:\/\/www.emplea-te.com\/noticias-oposiciones\/ayuntamiento-de-madrid-aprobados-proceso-selectivo-convocado-para-cubrir-6-plazas-de-archivos-y-bibliotecas-a2\/#breadcrumb"},"inLanguage":"es","potentialAction":[{"@type":"ReadAction","target":["https:\/\/www.emplea-te.com\/noticias-oposiciones\/ayuntamiento-de-madrid-aprobados-proceso-selectivo-convocado-para-cubrir-6-plazas-de-archivos-y-bibliotecas-a2\/"]}]},{"@type":"BreadcrumbList","@id":"https:\/\/www.emplea-te.com\/noticias-oposiciones\/ayuntamiento-de-madrid-aprobados-proceso-selectivo-convocado-para-cubrir-6-plazas-de-archivos-y-bibliotecas-a2\/#breadcrumb","itemListElement":[{"@type":"ListItem","position":1,"name":"Noticias Oposiciones","item":"https:\/\/www.emplea-te.com\/noticias-oposiciones\/"},{"@type":"ListItem","position":2,"name":"Oposiciones Madrid.","item":"https:\/\/www.emplea-te.com\/noticias-oposiciones\/categoria\/oposiciones-madrid\/"},{"@type":"ListItem","position":3,"name":"Ayuntamiento de Madrid. Aprobados proceso selectivo convocado para cubrir 6 plazas de Archivos y Bibliotecas A2."}]},{"@type":"WebSite","@id":"https:\/\/www.emplea-te.com\/noticias-oposiciones\/#website","url":"https:\/\/www.emplea-te.com\/noticias-oposiciones\/","name":"Noticas de oposiciones por Academia Emplea-te","description":"Toda la actualidad de las ofertas y convocatorias.","publisher":{"@id":"https:\/\/www.emplea-te.com\/noticias-oposiciones\/#organization"},"potentialAction":[{"@type":"SearchAction","target":{"@type":"EntryPoint","urlTemplate":"https:\/\/www.emplea-te.com\/noticias-oposiciones\/?s={search_term_string}"},"query-input":{"@type":"PropertyValueSpecification","valueRequired":true,"valueName":"search_term_string"}}],"inLanguage":"es"},{"@type":"Organization","@id":"https:\/\/www.emplea-te.com\/noticias-oposiciones\/#organization","name":"Academia de oposiciones Empl\u00e9ate","url":"https:\/\/www.emplea-te.com\/noticias-oposiciones\/","logo":{"@type":"ImageObject","inLanguage":"es","@id":"https:\/\/www.emplea-te.com\/noticias-oposiciones\/#\/schema\/logo\/image\/","url":"https:\/\/www.emplea-te.com\/noticias-oposiciones\/wp-content\/uploads\/2019\/04\/empleate.jpg","contentUrl":"https:\/\/www.emplea-te.com\/noticias-oposiciones\/wp-content\/uploads\/2019\/04\/empleate.jpg","width":250,"height":150,"caption":"Academia de oposiciones Empl\u00e9ate"},"image":{"@id":"https:\/\/www.emplea-te.com\/noticias-oposiciones\/#\/schema\/logo\/image\/"},"sameAs":["https:\/\/www.facebook.com\/AcademiaEmpleate\/","https:\/\/x.com\/Emplea_Te","https:\/\/www.instagram.com\/academia_empleate\/"]},{"@type":"Person","@id":"https:\/\/www.emplea-te.com\/noticias-oposiciones\/#\/schema\/person\/d1bc587e1af2b95e9c32aba1795509a6","name":"Empleate"}]}},"_links":{"self":[{"href":"https:\/\/www.emplea-te.com\/noticias-oposiciones\/wp-json\/wp\/v2\/posts\/7856","targetHints":{"allow":["GET"]}}],"collection":[{"href":"https:\/\/www.emplea-te.com\/noticias-oposiciones\/wp-json\/wp\/v2\/posts"}],"about":[{"href":"https:\/\/www.emplea-te.com\/noticias-oposiciones\/wp-json\/wp\/v2\/types\/post"}],"author":[{"embeddable":true,"href":"https:\/\/www.emplea-te.com\/noticias-oposiciones\/wp-json\/wp\/v2\/users\/1"}],"replies":[{"embeddable":true,"href":"https:\/\/www.emplea-te.com\/noticias-oposiciones\/wp-json\/wp\/v2\/comments?post=7856"}],"version-history":[{"count":1,"href":"https:\/\/www.emplea-te.com\/noticias-oposiciones\/wp-json\/wp\/v2\/posts\/7856\/revisions"}],"predecessor-version":[{"id":7857,"href":"https:\/\/www.emplea-te.com\/noticias-oposiciones\/wp-json\/wp\/v2\/posts\/7856\/revisions\/7857"}],"wp:attachment":[{"href":"https:\/\/www.emplea-te.com\/noticias-oposiciones\/wp-json\/wp\/v2\/media?parent=7856"}],"wp:term":[{"taxonomy":"category","embeddable":true,"href":"https:\/\/www.emplea-te.com\/noticias-oposiciones\/wp-json\/wp\/v2\/categories?post=7856"},{"taxonomy":"post_tag","embeddable":true,"href":"https:\/\/www.emplea-te.com\/noticias-oposiciones\/wp-json\/wp\/v2\/tags?post=7856"}],"curies":[{"name":"wp","href":"https:\/\/api.w.org\/{rel}","templated":true}]}}