{"id":8264,"date":"2022-12-13T10:35:56","date_gmt":"2022-12-13T09:35:56","guid":{"rendered":"https:\/\/www.emplea-te.com\/noticias-oposiciones\/?p=8264"},"modified":"2022-12-13T10:35:56","modified_gmt":"2022-12-13T09:35:56","slug":"ayuntamiento-de-porto-do-son-publicada-la-relacion-provisional-de-aspirantes-admitidos-y-excluidos-en-proceso-selectivo-para-cubrir-plaza-de-auxiliar-administrativo-c2","status":"publish","type":"post","link":"https:\/\/www.emplea-te.com\/noticias-oposiciones\/ayuntamiento-de-porto-do-son-publicada-la-relacion-provisional-de-aspirantes-admitidos-y-excluidos-en-proceso-selectivo-para-cubrir-plaza-de-auxiliar-administrativo-c2\/","title":{"rendered":"Ayuntamiento de Porto do Son. Publicada la relaci\u00f3n provisional de aspirantes admitidos y excluidos en proceso selectivo para cubrir plaza de Auxiliar Administrativo C2."},"content":{"rendered":"<p>Se publica en el BOP CORU\u00d1A de hoy, d\u00eda 13 de diciembre de 2022, la rectificaci\u00f3n en las bases regidoras del proceso selectivo convocado para cubrir plaza de Auxiliar Administrativo C2 por oposici\u00f3n en turno libre y tambi\u00e9n la relaci\u00f3n provisional de aspirantes admitidos y excluidos en este proceso selectivo.<\/p>\n<p>&nbsp;<\/p>\n<p><a href=\"https:\/\/bop.dicoruna.es\/bopportal\/publicado\/2022\/12\/13\/2022_0000007753.pdf\" target=\"_blank\" rel=\"noopener\"><strong>Accede desde este enlace a la publicaci\u00f3n \u00edntegra referente a este proceso selectivo realizada en el BOP Coru\u00f1a de hoy y consulta la relaci\u00f3n provisional de aspirantes admitidos y excluidos.<\/strong><\/a><\/p>\n<p>&nbsp;<\/p>\n<p>&nbsp;<\/p>\n","protected":false},"excerpt":{"rendered":"<p>Se publica en el BOP CORU\u00d1A de hoy, d\u00eda 13 de diciembre de 2022, la rectificaci\u00f3n en las bases regidoras del proceso selectivo convocado para cubrir plaza de Auxiliar Administrativo C2 por oposici\u00f3n en turno libre y tambi\u00e9n la relaci\u00f3n provisional de aspirantes admitidos y excluidos en este proceso selectivo. &nbsp; Accede desde este enlace &hellip; <a href=\"https:\/\/www.emplea-te.com\/noticias-oposiciones\/ayuntamiento-de-porto-do-son-publicada-la-relacion-provisional-de-aspirantes-admitidos-y-excluidos-en-proceso-selectivo-para-cubrir-plaza-de-auxiliar-administrativo-c2\/\" class=\"more-link\">Continuar leyendo<span class=\"screen-reader-text\"> \u00abAyuntamiento de Porto do Son. Publicada la relaci\u00f3n provisional de aspirantes admitidos y excluidos en proceso selectivo para cubrir plaza de Auxiliar Administrativo C2.\u00bb<\/span><\/a><\/p>\n","protected":false},"author":1,"featured_media":0,"comment_status":"closed","ping_status":"closed","sticky":false,"template":"","format":"standard","meta":{"footnotes":""},"categories":[37,56],"tags":[82,49,70],"class_list":["post-8264","post","type-post","status-publish","format-standard","hentry","category-convocatorias-ayuntamientos","category-oposiciones-autonomicas-galicia","tag-acceso-libre","tag-convocatorias-de-oposiciones","tag-listas-provisionales-admitidos-y-excluidos"],"yoast_head":"<!-- This site is optimized with the Yoast SEO plugin v27.3 - https:\/\/yoast.com\/product\/yoast-seo-wordpress\/ -->\n<title>Ayuntamiento de Porto do Son. Convocatoria proceso selectivo.<\/title>\n<meta name=\"description\" content=\"Ayuntamiento de Porto do Son. Publicada la relaci\u00f3n provisional de aspirantes admitidos y excluidos en proceso selectivo para cubrir plaza de Auxiliar Administrativo C2.\" \/>\n<meta name=\"robots\" content=\"index, follow, max-snippet:-1, max-image-preview:large, max-video-preview:-1\" \/>\n<link rel=\"canonical\" href=\"https:\/\/www.emplea-te.com\/noticias-oposiciones\/ayuntamiento-de-porto-do-son-publicada-la-relacion-provisional-de-aspirantes-admitidos-y-excluidos-en-proceso-selectivo-para-cubrir-plaza-de-auxiliar-administrativo-c2\/\" \/>\n<meta property=\"og:locale\" content=\"es_ES\" \/>\n<meta property=\"og:type\" content=\"article\" \/>\n<meta property=\"og:title\" content=\"Ayuntamiento de Porto do Son. Convocatoria proceso selectivo.\" \/>\n<meta property=\"og:description\" content=\"Ayuntamiento de Porto do Son. Publicada la relaci\u00f3n provisional de aspirantes admitidos y excluidos en proceso selectivo para cubrir plaza de Auxiliar Administrativo C2.\" \/>\n<meta property=\"og:url\" content=\"https:\/\/www.emplea-te.com\/noticias-oposiciones\/ayuntamiento-de-porto-do-son-publicada-la-relacion-provisional-de-aspirantes-admitidos-y-excluidos-en-proceso-selectivo-para-cubrir-plaza-de-auxiliar-administrativo-c2\/\" \/>\n<meta property=\"og:site_name\" content=\"Noticas de oposiciones por Academia Emplea-te\" \/>\n<meta property=\"article:publisher\" content=\"https:\/\/www.facebook.com\/AcademiaEmpleate\/\" \/>\n<meta property=\"article:published_time\" content=\"2022-12-13T09:35:56+00:00\" \/>\n<meta name=\"author\" content=\"Empleate\" \/>\n<meta name=\"twitter:card\" content=\"summary_large_image\" \/>\n<meta name=\"twitter:creator\" content=\"@Emplea_Te\" \/>\n<meta name=\"twitter:site\" content=\"@Emplea_Te\" \/>\n<meta name=\"twitter:label1\" content=\"Escrito por\" \/>\n\t<meta name=\"twitter:data1\" content=\"Empleate\" \/>\n\t<meta name=\"twitter:label2\" content=\"Tiempo de lectura\" \/>\n\t<meta name=\"twitter:data2\" content=\"1 minuto\" \/>\n<script type=\"application\/ld+json\" class=\"yoast-schema-graph\">{\"@context\":\"https:\\\/\\\/schema.org\",\"@graph\":[{\"@type\":\"Article\",\"@id\":\"https:\\\/\\\/www.emplea-te.com\\\/noticias-oposiciones\\\/ayuntamiento-de-porto-do-son-publicada-la-relacion-provisional-de-aspirantes-admitidos-y-excluidos-en-proceso-selectivo-para-cubrir-plaza-de-auxiliar-administrativo-c2\\\/#article\",\"isPartOf\":{\"@id\":\"https:\\\/\\\/www.emplea-te.com\\\/noticias-oposiciones\\\/ayuntamiento-de-porto-do-son-publicada-la-relacion-provisional-de-aspirantes-admitidos-y-excluidos-en-proceso-selectivo-para-cubrir-plaza-de-auxiliar-administrativo-c2\\\/\"},\"author\":{\"name\":\"Empleate\",\"@id\":\"https:\\\/\\\/www.emplea-te.com\\\/noticias-oposiciones\\\/#\\\/schema\\\/person\\\/d1bc587e1af2b95e9c32aba1795509a6\"},\"headline\":\"Ayuntamiento de Porto do Son. Publicada la relaci\u00f3n provisional de aspirantes admitidos y excluidos en proceso selectivo para cubrir plaza de Auxiliar Administrativo C2.\",\"datePublished\":\"2022-12-13T09:35:56+00:00\",\"mainEntityOfPage\":{\"@id\":\"https:\\\/\\\/www.emplea-te.com\\\/noticias-oposiciones\\\/ayuntamiento-de-porto-do-son-publicada-la-relacion-provisional-de-aspirantes-admitidos-y-excluidos-en-proceso-selectivo-para-cubrir-plaza-de-auxiliar-administrativo-c2\\\/\"},\"wordCount\":115,\"publisher\":{\"@id\":\"https:\\\/\\\/www.emplea-te.com\\\/noticias-oposiciones\\\/#organization\"},\"keywords\":[\"Acceso libre\",\"Convocatoria\",\"Listas provisionales admitidos y excluidos\"],\"articleSection\":[\"Convocatorias Ayuntamientos\",\"Oposiciones Auton\u00f3micas Galicia\"],\"inLanguage\":\"es\"},{\"@type\":\"WebPage\",\"@id\":\"https:\\\/\\\/www.emplea-te.com\\\/noticias-oposiciones\\\/ayuntamiento-de-porto-do-son-publicada-la-relacion-provisional-de-aspirantes-admitidos-y-excluidos-en-proceso-selectivo-para-cubrir-plaza-de-auxiliar-administrativo-c2\\\/\",\"url\":\"https:\\\/\\\/www.emplea-te.com\\\/noticias-oposiciones\\\/ayuntamiento-de-porto-do-son-publicada-la-relacion-provisional-de-aspirantes-admitidos-y-excluidos-en-proceso-selectivo-para-cubrir-plaza-de-auxiliar-administrativo-c2\\\/\",\"name\":\"Ayuntamiento de Porto do Son. Convocatoria proceso selectivo.\",\"isPartOf\":{\"@id\":\"https:\\\/\\\/www.emplea-te.com\\\/noticias-oposiciones\\\/#website\"},\"datePublished\":\"2022-12-13T09:35:56+00:00\",\"description\":\"Ayuntamiento de Porto do Son. Publicada la relaci\u00f3n provisional de aspirantes admitidos y excluidos en proceso selectivo para cubrir plaza de Auxiliar Administrativo C2.\",\"breadcrumb\":{\"@id\":\"https:\\\/\\\/www.emplea-te.com\\\/noticias-oposiciones\\\/ayuntamiento-de-porto-do-son-publicada-la-relacion-provisional-de-aspirantes-admitidos-y-excluidos-en-proceso-selectivo-para-cubrir-plaza-de-auxiliar-administrativo-c2\\\/#breadcrumb\"},\"inLanguage\":\"es\",\"potentialAction\":[{\"@type\":\"ReadAction\",\"target\":[\"https:\\\/\\\/www.emplea-te.com\\\/noticias-oposiciones\\\/ayuntamiento-de-porto-do-son-publicada-la-relacion-provisional-de-aspirantes-admitidos-y-excluidos-en-proceso-selectivo-para-cubrir-plaza-de-auxiliar-administrativo-c2\\\/\"]}]},{\"@type\":\"BreadcrumbList\",\"@id\":\"https:\\\/\\\/www.emplea-te.com\\\/noticias-oposiciones\\\/ayuntamiento-de-porto-do-son-publicada-la-relacion-provisional-de-aspirantes-admitidos-y-excluidos-en-proceso-selectivo-para-cubrir-plaza-de-auxiliar-administrativo-c2\\\/#breadcrumb\",\"itemListElement\":[{\"@type\":\"ListItem\",\"position\":1,\"name\":\"Noticias Oposiciones\",\"item\":\"https:\\\/\\\/www.emplea-te.com\\\/noticias-oposiciones\\\/\"},{\"@type\":\"ListItem\",\"position\":2,\"name\":\"Oposiciones Auton\u00f3micas Galicia\",\"item\":\"https:\\\/\\\/www.emplea-te.com\\\/noticias-oposiciones\\\/categoria\\\/oposiciones-autonomicas-galicia\\\/\"},{\"@type\":\"ListItem\",\"position\":3,\"name\":\"Ayuntamiento de Porto do Son. Publicada la relaci\u00f3n provisional de aspirantes admitidos y excluidos en proceso selectivo para cubrir plaza de Auxiliar Administrativo C2.\"}]},{\"@type\":\"WebSite\",\"@id\":\"https:\\\/\\\/www.emplea-te.com\\\/noticias-oposiciones\\\/#website\",\"url\":\"https:\\\/\\\/www.emplea-te.com\\\/noticias-oposiciones\\\/\",\"name\":\"Noticas de oposiciones por Academia Emplea-te\",\"description\":\"Toda la actualidad de las ofertas y convocatorias.\",\"publisher\":{\"@id\":\"https:\\\/\\\/www.emplea-te.com\\\/noticias-oposiciones\\\/#organization\"},\"potentialAction\":[{\"@type\":\"SearchAction\",\"target\":{\"@type\":\"EntryPoint\",\"urlTemplate\":\"https:\\\/\\\/www.emplea-te.com\\\/noticias-oposiciones\\\/?s={search_term_string}\"},\"query-input\":{\"@type\":\"PropertyValueSpecification\",\"valueRequired\":true,\"valueName\":\"search_term_string\"}}],\"inLanguage\":\"es\"},{\"@type\":\"Organization\",\"@id\":\"https:\\\/\\\/www.emplea-te.com\\\/noticias-oposiciones\\\/#organization\",\"name\":\"Academia de oposiciones Empl\u00e9ate\",\"url\":\"https:\\\/\\\/www.emplea-te.com\\\/noticias-oposiciones\\\/\",\"logo\":{\"@type\":\"ImageObject\",\"inLanguage\":\"es\",\"@id\":\"https:\\\/\\\/www.emplea-te.com\\\/noticias-oposiciones\\\/#\\\/schema\\\/logo\\\/image\\\/\",\"url\":\"https:\\\/\\\/www.emplea-te.com\\\/noticias-oposiciones\\\/wp-content\\\/uploads\\\/2019\\\/04\\\/empleate.jpg\",\"contentUrl\":\"https:\\\/\\\/www.emplea-te.com\\\/noticias-oposiciones\\\/wp-content\\\/uploads\\\/2019\\\/04\\\/empleate.jpg\",\"width\":250,\"height\":150,\"caption\":\"Academia de oposiciones Empl\u00e9ate\"},\"image\":{\"@id\":\"https:\\\/\\\/www.emplea-te.com\\\/noticias-oposiciones\\\/#\\\/schema\\\/logo\\\/image\\\/\"},\"sameAs\":[\"https:\\\/\\\/www.facebook.com\\\/AcademiaEmpleate\\\/\",\"https:\\\/\\\/x.com\\\/Emplea_Te\",\"https:\\\/\\\/www.instagram.com\\\/academia_empleate\\\/\"]},{\"@type\":\"Person\",\"@id\":\"https:\\\/\\\/www.emplea-te.com\\\/noticias-oposiciones\\\/#\\\/schema\\\/person\\\/d1bc587e1af2b95e9c32aba1795509a6\",\"name\":\"Empleate\"}]}<\/script>\n<!-- \/ Yoast SEO plugin. -->","yoast_head_json":{"title":"Ayuntamiento de Porto do Son. Convocatoria proceso selectivo.","description":"Ayuntamiento de Porto do Son. Publicada la relaci\u00f3n provisional de aspirantes admitidos y excluidos en proceso selectivo para cubrir plaza de Auxiliar Administrativo C2.","robots":{"index":"index","follow":"follow","max-snippet":"max-snippet:-1","max-image-preview":"max-image-preview:large","max-video-preview":"max-video-preview:-1"},"canonical":"https:\/\/www.emplea-te.com\/noticias-oposiciones\/ayuntamiento-de-porto-do-son-publicada-la-relacion-provisional-de-aspirantes-admitidos-y-excluidos-en-proceso-selectivo-para-cubrir-plaza-de-auxiliar-administrativo-c2\/","og_locale":"es_ES","og_type":"article","og_title":"Ayuntamiento de Porto do Son. Convocatoria proceso selectivo.","og_description":"Ayuntamiento de Porto do Son. Publicada la relaci\u00f3n provisional de aspirantes admitidos y excluidos en proceso selectivo para cubrir plaza de Auxiliar Administrativo C2.","og_url":"https:\/\/www.emplea-te.com\/noticias-oposiciones\/ayuntamiento-de-porto-do-son-publicada-la-relacion-provisional-de-aspirantes-admitidos-y-excluidos-en-proceso-selectivo-para-cubrir-plaza-de-auxiliar-administrativo-c2\/","og_site_name":"Noticas de oposiciones por Academia Emplea-te","article_publisher":"https:\/\/www.facebook.com\/AcademiaEmpleate\/","article_published_time":"2022-12-13T09:35:56+00:00","author":"Empleate","twitter_card":"summary_large_image","twitter_creator":"@Emplea_Te","twitter_site":"@Emplea_Te","twitter_misc":{"Escrito por":"Empleate","Tiempo de lectura":"1 minuto"},"schema":{"@context":"https:\/\/schema.org","@graph":[{"@type":"Article","@id":"https:\/\/www.emplea-te.com\/noticias-oposiciones\/ayuntamiento-de-porto-do-son-publicada-la-relacion-provisional-de-aspirantes-admitidos-y-excluidos-en-proceso-selectivo-para-cubrir-plaza-de-auxiliar-administrativo-c2\/#article","isPartOf":{"@id":"https:\/\/www.emplea-te.com\/noticias-oposiciones\/ayuntamiento-de-porto-do-son-publicada-la-relacion-provisional-de-aspirantes-admitidos-y-excluidos-en-proceso-selectivo-para-cubrir-plaza-de-auxiliar-administrativo-c2\/"},"author":{"name":"Empleate","@id":"https:\/\/www.emplea-te.com\/noticias-oposiciones\/#\/schema\/person\/d1bc587e1af2b95e9c32aba1795509a6"},"headline":"Ayuntamiento de Porto do Son. Publicada la relaci\u00f3n provisional de aspirantes admitidos y excluidos en proceso selectivo para cubrir plaza de Auxiliar Administrativo C2.","datePublished":"2022-12-13T09:35:56+00:00","mainEntityOfPage":{"@id":"https:\/\/www.emplea-te.com\/noticias-oposiciones\/ayuntamiento-de-porto-do-son-publicada-la-relacion-provisional-de-aspirantes-admitidos-y-excluidos-en-proceso-selectivo-para-cubrir-plaza-de-auxiliar-administrativo-c2\/"},"wordCount":115,"publisher":{"@id":"https:\/\/www.emplea-te.com\/noticias-oposiciones\/#organization"},"keywords":["Acceso libre","Convocatoria","Listas provisionales admitidos y excluidos"],"articleSection":["Convocatorias Ayuntamientos","Oposiciones Auton\u00f3micas Galicia"],"inLanguage":"es"},{"@type":"WebPage","@id":"https:\/\/www.emplea-te.com\/noticias-oposiciones\/ayuntamiento-de-porto-do-son-publicada-la-relacion-provisional-de-aspirantes-admitidos-y-excluidos-en-proceso-selectivo-para-cubrir-plaza-de-auxiliar-administrativo-c2\/","url":"https:\/\/www.emplea-te.com\/noticias-oposiciones\/ayuntamiento-de-porto-do-son-publicada-la-relacion-provisional-de-aspirantes-admitidos-y-excluidos-en-proceso-selectivo-para-cubrir-plaza-de-auxiliar-administrativo-c2\/","name":"Ayuntamiento de Porto do Son. Convocatoria proceso selectivo.","isPartOf":{"@id":"https:\/\/www.emplea-te.com\/noticias-oposiciones\/#website"},"datePublished":"2022-12-13T09:35:56+00:00","description":"Ayuntamiento de Porto do Son. Publicada la relaci\u00f3n provisional de aspirantes admitidos y excluidos en proceso selectivo para cubrir plaza de Auxiliar Administrativo C2.","breadcrumb":{"@id":"https:\/\/www.emplea-te.com\/noticias-oposiciones\/ayuntamiento-de-porto-do-son-publicada-la-relacion-provisional-de-aspirantes-admitidos-y-excluidos-en-proceso-selectivo-para-cubrir-plaza-de-auxiliar-administrativo-c2\/#breadcrumb"},"inLanguage":"es","potentialAction":[{"@type":"ReadAction","target":["https:\/\/www.emplea-te.com\/noticias-oposiciones\/ayuntamiento-de-porto-do-son-publicada-la-relacion-provisional-de-aspirantes-admitidos-y-excluidos-en-proceso-selectivo-para-cubrir-plaza-de-auxiliar-administrativo-c2\/"]}]},{"@type":"BreadcrumbList","@id":"https:\/\/www.emplea-te.com\/noticias-oposiciones\/ayuntamiento-de-porto-do-son-publicada-la-relacion-provisional-de-aspirantes-admitidos-y-excluidos-en-proceso-selectivo-para-cubrir-plaza-de-auxiliar-administrativo-c2\/#breadcrumb","itemListElement":[{"@type":"ListItem","position":1,"name":"Noticias Oposiciones","item":"https:\/\/www.emplea-te.com\/noticias-oposiciones\/"},{"@type":"ListItem","position":2,"name":"Oposiciones Auton\u00f3micas Galicia","item":"https:\/\/www.emplea-te.com\/noticias-oposiciones\/categoria\/oposiciones-autonomicas-galicia\/"},{"@type":"ListItem","position":3,"name":"Ayuntamiento de Porto do Son. Publicada la relaci\u00f3n provisional de aspirantes admitidos y excluidos en proceso selectivo para cubrir plaza de Auxiliar Administrativo C2."}]},{"@type":"WebSite","@id":"https:\/\/www.emplea-te.com\/noticias-oposiciones\/#website","url":"https:\/\/www.emplea-te.com\/noticias-oposiciones\/","name":"Noticas de oposiciones por Academia Emplea-te","description":"Toda la actualidad de las ofertas y convocatorias.","publisher":{"@id":"https:\/\/www.emplea-te.com\/noticias-oposiciones\/#organization"},"potentialAction":[{"@type":"SearchAction","target":{"@type":"EntryPoint","urlTemplate":"https:\/\/www.emplea-te.com\/noticias-oposiciones\/?s={search_term_string}"},"query-input":{"@type":"PropertyValueSpecification","valueRequired":true,"valueName":"search_term_string"}}],"inLanguage":"es"},{"@type":"Organization","@id":"https:\/\/www.emplea-te.com\/noticias-oposiciones\/#organization","name":"Academia de oposiciones Empl\u00e9ate","url":"https:\/\/www.emplea-te.com\/noticias-oposiciones\/","logo":{"@type":"ImageObject","inLanguage":"es","@id":"https:\/\/www.emplea-te.com\/noticias-oposiciones\/#\/schema\/logo\/image\/","url":"https:\/\/www.emplea-te.com\/noticias-oposiciones\/wp-content\/uploads\/2019\/04\/empleate.jpg","contentUrl":"https:\/\/www.emplea-te.com\/noticias-oposiciones\/wp-content\/uploads\/2019\/04\/empleate.jpg","width":250,"height":150,"caption":"Academia de oposiciones Empl\u00e9ate"},"image":{"@id":"https:\/\/www.emplea-te.com\/noticias-oposiciones\/#\/schema\/logo\/image\/"},"sameAs":["https:\/\/www.facebook.com\/AcademiaEmpleate\/","https:\/\/x.com\/Emplea_Te","https:\/\/www.instagram.com\/academia_empleate\/"]},{"@type":"Person","@id":"https:\/\/www.emplea-te.com\/noticias-oposiciones\/#\/schema\/person\/d1bc587e1af2b95e9c32aba1795509a6","name":"Empleate"}]}},"_links":{"self":[{"href":"https:\/\/www.emplea-te.com\/noticias-oposiciones\/wp-json\/wp\/v2\/posts\/8264","targetHints":{"allow":["GET"]}}],"collection":[{"href":"https:\/\/www.emplea-te.com\/noticias-oposiciones\/wp-json\/wp\/v2\/posts"}],"about":[{"href":"https:\/\/www.emplea-te.com\/noticias-oposiciones\/wp-json\/wp\/v2\/types\/post"}],"author":[{"embeddable":true,"href":"https:\/\/www.emplea-te.com\/noticias-oposiciones\/wp-json\/wp\/v2\/users\/1"}],"replies":[{"embeddable":true,"href":"https:\/\/www.emplea-te.com\/noticias-oposiciones\/wp-json\/wp\/v2\/comments?post=8264"}],"version-history":[{"count":1,"href":"https:\/\/www.emplea-te.com\/noticias-oposiciones\/wp-json\/wp\/v2\/posts\/8264\/revisions"}],"predecessor-version":[{"id":8265,"href":"https:\/\/www.emplea-te.com\/noticias-oposiciones\/wp-json\/wp\/v2\/posts\/8264\/revisions\/8265"}],"wp:attachment":[{"href":"https:\/\/www.emplea-te.com\/noticias-oposiciones\/wp-json\/wp\/v2\/media?parent=8264"}],"wp:term":[{"taxonomy":"category","embeddable":true,"href":"https:\/\/www.emplea-te.com\/noticias-oposiciones\/wp-json\/wp\/v2\/categories?post=8264"},{"taxonomy":"post_tag","embeddable":true,"href":"https:\/\/www.emplea-te.com\/noticias-oposiciones\/wp-json\/wp\/v2\/tags?post=8264"}],"curies":[{"name":"wp","href":"https:\/\/api.w.org\/{rel}","templated":true}]}}