{"id":8268,"date":"2022-12-13T10:54:39","date_gmt":"2022-12-13T09:54:39","guid":{"rendered":"https:\/\/www.emplea-te.com\/noticias-oposiciones\/?p=8268"},"modified":"2022-12-13T13:17:34","modified_gmt":"2022-12-13T12:17:34","slug":"universidad-autonoma-de-madrid-se-publica-la-convocatoria-para-cubrir-distintas-plazas-de-personal-de-administracion-y-servicios-por-el-sistema-selectivo-de-concurso-oposicion-en-turno-libre","status":"publish","type":"post","link":"https:\/\/www.emplea-te.com\/noticias-oposiciones\/universidad-autonoma-de-madrid-se-publica-la-convocatoria-para-cubrir-distintas-plazas-de-personal-de-administracion-y-servicios-por-el-sistema-selectivo-de-concurso-oposicion-en-turno-libre\/","title":{"rendered":"Universidad Aut\u00f3noma de Madrid. Se publica la convocatoria para cubrir distintas plazas de Personal de Administraci\u00f3n y Servicios por el sistema selectivo de concurso-oposici\u00f3n en turno libre."},"content":{"rendered":"<p>Se publica en el BOE de hoy, la Resoluci\u00f3n de la Universidad Aut\u00f3noma de Madrid, por la que se convoca proceso selectivo para ingreso, por el sistema general de acceso libre, en Escalas de los Subgrupos A2, C1 y C2, en el marco de estabilizaci\u00f3n de empleo temporal.<\/p>\n<p>Destacamos las siguientes plazas que ser\u00e1n convocadas y cuyo sistema selectivo es el de concurso-oposici\u00f3n en turno libre.<\/p>\n<p>10 plazas Escala Auxiliar C2<br \/>\n2 plazas Escala Administrativa C1 (requisito de idioma)<br \/>\n2 plazas A2 Ayudante de Archivos y bibliotecas.<\/p>\n<p>El plazo para presentar instancias ser\u00e1 de 20 d\u00edas h\u00e1biles a contar a partir del d\u00eda siguiente a esta publicaci\u00f3n en el BOE y por tanto permanecer\u00e1 abierto hasta el pr\u00f3ximo 11\/01\/2023<\/p>\n<p><a href=\"https:\/\/www.boe.es\/boe\/dias\/2022\/12\/13\/pdfs\/BOE-A-2022-21113.pdf\" target=\"_blank\" rel=\"noopener\"><strong>Accede desde este enlace a la Resoluci\u00f3n \u00edntegra referente a estas convocatorias publicada en el BOE de hoy.\u00a0<\/strong><\/a><\/p>\n","protected":false},"excerpt":{"rendered":"<p>Se publica en el BOE de hoy, la Resoluci\u00f3n de la Universidad Aut\u00f3noma de Madrid, por la que se convoca proceso selectivo para ingreso, por el sistema general de acceso libre, en Escalas de los Subgrupos A2, C1 y C2, en el marco de estabilizaci\u00f3n de empleo temporal. Destacamos las siguientes plazas que ser\u00e1n convocadas &hellip; <a href=\"https:\/\/www.emplea-te.com\/noticias-oposiciones\/universidad-autonoma-de-madrid-se-publica-la-convocatoria-para-cubrir-distintas-plazas-de-personal-de-administracion-y-servicios-por-el-sistema-selectivo-de-concurso-oposicion-en-turno-libre\/\" class=\"more-link\">Continuar leyendo<span class=\"screen-reader-text\"> \u00abUniversidad Aut\u00f3noma de Madrid. Se publica la convocatoria para cubrir distintas plazas de Personal de Administraci\u00f3n y Servicios por el sistema selectivo de concurso-oposici\u00f3n en turno libre.\u00bb<\/span><\/a><\/p>\n","protected":false},"author":1,"featured_media":0,"comment_status":"closed","ping_status":"closed","sticky":false,"template":"","format":"standard","meta":{"footnotes":""},"categories":[109,110],"tags":[49],"class_list":["post-8268","post","type-post","status-publish","format-standard","hentry","category-oposiciones-madrid","category-p-a-s-universidades-madrid","tag-convocatorias-de-oposiciones"],"yoast_head":"<!-- This site is optimized with the Yoast SEO plugin v27.3 - https:\/\/yoast.com\/product\/yoast-seo-wordpress\/ -->\n<title>Universidad Aut\u00f3noma de Madrid. Convocatoria proceso selectivo.<\/title>\n<meta name=\"description\" content=\"Universidad Aut\u00f3noma de Madrid. Se publica la convocatoria para cubrir distintas plazas de Personal de Administraci\u00f3n y Servicios por el sistema selectivo de concurso-oposici\u00f3n en turno libre.\" \/>\n<meta name=\"robots\" content=\"index, follow, max-snippet:-1, max-image-preview:large, max-video-preview:-1\" \/>\n<link rel=\"canonical\" href=\"https:\/\/www.emplea-te.com\/noticias-oposiciones\/universidad-autonoma-de-madrid-se-publica-la-convocatoria-para-cubrir-distintas-plazas-de-personal-de-administracion-y-servicios-por-el-sistema-selectivo-de-concurso-oposicion-en-turno-libre\/\" \/>\n<meta property=\"og:locale\" content=\"es_ES\" \/>\n<meta property=\"og:type\" content=\"article\" \/>\n<meta property=\"og:title\" content=\"Universidad Aut\u00f3noma de Madrid. Convocatoria proceso selectivo.\" \/>\n<meta property=\"og:description\" content=\"Universidad Aut\u00f3noma de Madrid. Se publica la convocatoria para cubrir distintas plazas de Personal de Administraci\u00f3n y Servicios por el sistema selectivo de concurso-oposici\u00f3n en turno libre.\" \/>\n<meta property=\"og:url\" content=\"https:\/\/www.emplea-te.com\/noticias-oposiciones\/universidad-autonoma-de-madrid-se-publica-la-convocatoria-para-cubrir-distintas-plazas-de-personal-de-administracion-y-servicios-por-el-sistema-selectivo-de-concurso-oposicion-en-turno-libre\/\" \/>\n<meta property=\"og:site_name\" content=\"Noticas de oposiciones por Academia Emplea-te\" \/>\n<meta property=\"article:publisher\" content=\"https:\/\/www.facebook.com\/AcademiaEmpleate\/\" \/>\n<meta property=\"article:published_time\" content=\"2022-12-13T09:54:39+00:00\" \/>\n<meta property=\"article:modified_time\" content=\"2022-12-13T12:17:34+00:00\" \/>\n<meta name=\"author\" content=\"Empleate\" \/>\n<meta name=\"twitter:card\" content=\"summary_large_image\" \/>\n<meta name=\"twitter:creator\" content=\"@Emplea_Te\" \/>\n<meta name=\"twitter:site\" content=\"@Emplea_Te\" \/>\n<meta name=\"twitter:label1\" content=\"Escrito por\" \/>\n\t<meta name=\"twitter:data1\" content=\"Empleate\" \/>\n\t<meta name=\"twitter:label2\" content=\"Tiempo de lectura\" \/>\n\t<meta name=\"twitter:data2\" content=\"1 minuto\" \/>\n<script type=\"application\/ld+json\" class=\"yoast-schema-graph\">{\"@context\":\"https:\\\/\\\/schema.org\",\"@graph\":[{\"@type\":\"Article\",\"@id\":\"https:\\\/\\\/www.emplea-te.com\\\/noticias-oposiciones\\\/universidad-autonoma-de-madrid-se-publica-la-convocatoria-para-cubrir-distintas-plazas-de-personal-de-administracion-y-servicios-por-el-sistema-selectivo-de-concurso-oposicion-en-turno-libre\\\/#article\",\"isPartOf\":{\"@id\":\"https:\\\/\\\/www.emplea-te.com\\\/noticias-oposiciones\\\/universidad-autonoma-de-madrid-se-publica-la-convocatoria-para-cubrir-distintas-plazas-de-personal-de-administracion-y-servicios-por-el-sistema-selectivo-de-concurso-oposicion-en-turno-libre\\\/\"},\"author\":{\"name\":\"Empleate\",\"@id\":\"https:\\\/\\\/www.emplea-te.com\\\/noticias-oposiciones\\\/#\\\/schema\\\/person\\\/d1bc587e1af2b95e9c32aba1795509a6\"},\"headline\":\"Universidad Aut\u00f3noma de Madrid. Se publica la convocatoria para cubrir distintas plazas de Personal de Administraci\u00f3n y Servicios por el sistema selectivo de concurso-oposici\u00f3n en turno libre.\",\"datePublished\":\"2022-12-13T09:54:39+00:00\",\"dateModified\":\"2022-12-13T12:17:34+00:00\",\"mainEntityOfPage\":{\"@id\":\"https:\\\/\\\/www.emplea-te.com\\\/noticias-oposiciones\\\/universidad-autonoma-de-madrid-se-publica-la-convocatoria-para-cubrir-distintas-plazas-de-personal-de-administracion-y-servicios-por-el-sistema-selectivo-de-concurso-oposicion-en-turno-libre\\\/\"},\"wordCount\":173,\"publisher\":{\"@id\":\"https:\\\/\\\/www.emplea-te.com\\\/noticias-oposiciones\\\/#organization\"},\"keywords\":[\"Convocatoria\"],\"articleSection\":[\"Oposiciones Madrid.\",\"P.A.S Universidades Madrid\"],\"inLanguage\":\"es\"},{\"@type\":\"WebPage\",\"@id\":\"https:\\\/\\\/www.emplea-te.com\\\/noticias-oposiciones\\\/universidad-autonoma-de-madrid-se-publica-la-convocatoria-para-cubrir-distintas-plazas-de-personal-de-administracion-y-servicios-por-el-sistema-selectivo-de-concurso-oposicion-en-turno-libre\\\/\",\"url\":\"https:\\\/\\\/www.emplea-te.com\\\/noticias-oposiciones\\\/universidad-autonoma-de-madrid-se-publica-la-convocatoria-para-cubrir-distintas-plazas-de-personal-de-administracion-y-servicios-por-el-sistema-selectivo-de-concurso-oposicion-en-turno-libre\\\/\",\"name\":\"Universidad Aut\u00f3noma de Madrid. Convocatoria proceso selectivo.\",\"isPartOf\":{\"@id\":\"https:\\\/\\\/www.emplea-te.com\\\/noticias-oposiciones\\\/#website\"},\"datePublished\":\"2022-12-13T09:54:39+00:00\",\"dateModified\":\"2022-12-13T12:17:34+00:00\",\"description\":\"Universidad Aut\u00f3noma de Madrid. Se publica la convocatoria para cubrir distintas plazas de Personal de Administraci\u00f3n y Servicios por el sistema selectivo de concurso-oposici\u00f3n en turno libre.\",\"breadcrumb\":{\"@id\":\"https:\\\/\\\/www.emplea-te.com\\\/noticias-oposiciones\\\/universidad-autonoma-de-madrid-se-publica-la-convocatoria-para-cubrir-distintas-plazas-de-personal-de-administracion-y-servicios-por-el-sistema-selectivo-de-concurso-oposicion-en-turno-libre\\\/#breadcrumb\"},\"inLanguage\":\"es\",\"potentialAction\":[{\"@type\":\"ReadAction\",\"target\":[\"https:\\\/\\\/www.emplea-te.com\\\/noticias-oposiciones\\\/universidad-autonoma-de-madrid-se-publica-la-convocatoria-para-cubrir-distintas-plazas-de-personal-de-administracion-y-servicios-por-el-sistema-selectivo-de-concurso-oposicion-en-turno-libre\\\/\"]}]},{\"@type\":\"BreadcrumbList\",\"@id\":\"https:\\\/\\\/www.emplea-te.com\\\/noticias-oposiciones\\\/universidad-autonoma-de-madrid-se-publica-la-convocatoria-para-cubrir-distintas-plazas-de-personal-de-administracion-y-servicios-por-el-sistema-selectivo-de-concurso-oposicion-en-turno-libre\\\/#breadcrumb\",\"itemListElement\":[{\"@type\":\"ListItem\",\"position\":1,\"name\":\"Noticias Oposiciones\",\"item\":\"https:\\\/\\\/www.emplea-te.com\\\/noticias-oposiciones\\\/\"},{\"@type\":\"ListItem\",\"position\":2,\"name\":\"Oposiciones Madrid.\",\"item\":\"https:\\\/\\\/www.emplea-te.com\\\/noticias-oposiciones\\\/categoria\\\/oposiciones-madrid\\\/\"},{\"@type\":\"ListItem\",\"position\":3,\"name\":\"Universidad Aut\u00f3noma de Madrid. Se publica la convocatoria para cubrir distintas plazas de Personal de Administraci\u00f3n y Servicios por el sistema selectivo de concurso-oposici\u00f3n en turno libre.\"}]},{\"@type\":\"WebSite\",\"@id\":\"https:\\\/\\\/www.emplea-te.com\\\/noticias-oposiciones\\\/#website\",\"url\":\"https:\\\/\\\/www.emplea-te.com\\\/noticias-oposiciones\\\/\",\"name\":\"Noticas de oposiciones por Academia Emplea-te\",\"description\":\"Toda la actualidad de las ofertas y convocatorias.\",\"publisher\":{\"@id\":\"https:\\\/\\\/www.emplea-te.com\\\/noticias-oposiciones\\\/#organization\"},\"potentialAction\":[{\"@type\":\"SearchAction\",\"target\":{\"@type\":\"EntryPoint\",\"urlTemplate\":\"https:\\\/\\\/www.emplea-te.com\\\/noticias-oposiciones\\\/?s={search_term_string}\"},\"query-input\":{\"@type\":\"PropertyValueSpecification\",\"valueRequired\":true,\"valueName\":\"search_term_string\"}}],\"inLanguage\":\"es\"},{\"@type\":\"Organization\",\"@id\":\"https:\\\/\\\/www.emplea-te.com\\\/noticias-oposiciones\\\/#organization\",\"name\":\"Academia de oposiciones Empl\u00e9ate\",\"url\":\"https:\\\/\\\/www.emplea-te.com\\\/noticias-oposiciones\\\/\",\"logo\":{\"@type\":\"ImageObject\",\"inLanguage\":\"es\",\"@id\":\"https:\\\/\\\/www.emplea-te.com\\\/noticias-oposiciones\\\/#\\\/schema\\\/logo\\\/image\\\/\",\"url\":\"https:\\\/\\\/www.emplea-te.com\\\/noticias-oposiciones\\\/wp-content\\\/uploads\\\/2019\\\/04\\\/empleate.jpg\",\"contentUrl\":\"https:\\\/\\\/www.emplea-te.com\\\/noticias-oposiciones\\\/wp-content\\\/uploads\\\/2019\\\/04\\\/empleate.jpg\",\"width\":250,\"height\":150,\"caption\":\"Academia de oposiciones Empl\u00e9ate\"},\"image\":{\"@id\":\"https:\\\/\\\/www.emplea-te.com\\\/noticias-oposiciones\\\/#\\\/schema\\\/logo\\\/image\\\/\"},\"sameAs\":[\"https:\\\/\\\/www.facebook.com\\\/AcademiaEmpleate\\\/\",\"https:\\\/\\\/x.com\\\/Emplea_Te\",\"https:\\\/\\\/www.instagram.com\\\/academia_empleate\\\/\"]},{\"@type\":\"Person\",\"@id\":\"https:\\\/\\\/www.emplea-te.com\\\/noticias-oposiciones\\\/#\\\/schema\\\/person\\\/d1bc587e1af2b95e9c32aba1795509a6\",\"name\":\"Empleate\"}]}<\/script>\n<!-- \/ Yoast SEO plugin. -->","yoast_head_json":{"title":"Universidad Aut\u00f3noma de Madrid. Convocatoria proceso selectivo.","description":"Universidad Aut\u00f3noma de Madrid. Se publica la convocatoria para cubrir distintas plazas de Personal de Administraci\u00f3n y Servicios por el sistema selectivo de concurso-oposici\u00f3n en turno libre.","robots":{"index":"index","follow":"follow","max-snippet":"max-snippet:-1","max-image-preview":"max-image-preview:large","max-video-preview":"max-video-preview:-1"},"canonical":"https:\/\/www.emplea-te.com\/noticias-oposiciones\/universidad-autonoma-de-madrid-se-publica-la-convocatoria-para-cubrir-distintas-plazas-de-personal-de-administracion-y-servicios-por-el-sistema-selectivo-de-concurso-oposicion-en-turno-libre\/","og_locale":"es_ES","og_type":"article","og_title":"Universidad Aut\u00f3noma de Madrid. Convocatoria proceso selectivo.","og_description":"Universidad Aut\u00f3noma de Madrid. Se publica la convocatoria para cubrir distintas plazas de Personal de Administraci\u00f3n y Servicios por el sistema selectivo de concurso-oposici\u00f3n en turno libre.","og_url":"https:\/\/www.emplea-te.com\/noticias-oposiciones\/universidad-autonoma-de-madrid-se-publica-la-convocatoria-para-cubrir-distintas-plazas-de-personal-de-administracion-y-servicios-por-el-sistema-selectivo-de-concurso-oposicion-en-turno-libre\/","og_site_name":"Noticas de oposiciones por Academia Emplea-te","article_publisher":"https:\/\/www.facebook.com\/AcademiaEmpleate\/","article_published_time":"2022-12-13T09:54:39+00:00","article_modified_time":"2022-12-13T12:17:34+00:00","author":"Empleate","twitter_card":"summary_large_image","twitter_creator":"@Emplea_Te","twitter_site":"@Emplea_Te","twitter_misc":{"Escrito por":"Empleate","Tiempo de lectura":"1 minuto"},"schema":{"@context":"https:\/\/schema.org","@graph":[{"@type":"Article","@id":"https:\/\/www.emplea-te.com\/noticias-oposiciones\/universidad-autonoma-de-madrid-se-publica-la-convocatoria-para-cubrir-distintas-plazas-de-personal-de-administracion-y-servicios-por-el-sistema-selectivo-de-concurso-oposicion-en-turno-libre\/#article","isPartOf":{"@id":"https:\/\/www.emplea-te.com\/noticias-oposiciones\/universidad-autonoma-de-madrid-se-publica-la-convocatoria-para-cubrir-distintas-plazas-de-personal-de-administracion-y-servicios-por-el-sistema-selectivo-de-concurso-oposicion-en-turno-libre\/"},"author":{"name":"Empleate","@id":"https:\/\/www.emplea-te.com\/noticias-oposiciones\/#\/schema\/person\/d1bc587e1af2b95e9c32aba1795509a6"},"headline":"Universidad Aut\u00f3noma de Madrid. Se publica la convocatoria para cubrir distintas plazas de Personal de Administraci\u00f3n y Servicios por el sistema selectivo de concurso-oposici\u00f3n en turno libre.","datePublished":"2022-12-13T09:54:39+00:00","dateModified":"2022-12-13T12:17:34+00:00","mainEntityOfPage":{"@id":"https:\/\/www.emplea-te.com\/noticias-oposiciones\/universidad-autonoma-de-madrid-se-publica-la-convocatoria-para-cubrir-distintas-plazas-de-personal-de-administracion-y-servicios-por-el-sistema-selectivo-de-concurso-oposicion-en-turno-libre\/"},"wordCount":173,"publisher":{"@id":"https:\/\/www.emplea-te.com\/noticias-oposiciones\/#organization"},"keywords":["Convocatoria"],"articleSection":["Oposiciones Madrid.","P.A.S Universidades Madrid"],"inLanguage":"es"},{"@type":"WebPage","@id":"https:\/\/www.emplea-te.com\/noticias-oposiciones\/universidad-autonoma-de-madrid-se-publica-la-convocatoria-para-cubrir-distintas-plazas-de-personal-de-administracion-y-servicios-por-el-sistema-selectivo-de-concurso-oposicion-en-turno-libre\/","url":"https:\/\/www.emplea-te.com\/noticias-oposiciones\/universidad-autonoma-de-madrid-se-publica-la-convocatoria-para-cubrir-distintas-plazas-de-personal-de-administracion-y-servicios-por-el-sistema-selectivo-de-concurso-oposicion-en-turno-libre\/","name":"Universidad Aut\u00f3noma de Madrid. Convocatoria proceso selectivo.","isPartOf":{"@id":"https:\/\/www.emplea-te.com\/noticias-oposiciones\/#website"},"datePublished":"2022-12-13T09:54:39+00:00","dateModified":"2022-12-13T12:17:34+00:00","description":"Universidad Aut\u00f3noma de Madrid. Se publica la convocatoria para cubrir distintas plazas de Personal de Administraci\u00f3n y Servicios por el sistema selectivo de concurso-oposici\u00f3n en turno libre.","breadcrumb":{"@id":"https:\/\/www.emplea-te.com\/noticias-oposiciones\/universidad-autonoma-de-madrid-se-publica-la-convocatoria-para-cubrir-distintas-plazas-de-personal-de-administracion-y-servicios-por-el-sistema-selectivo-de-concurso-oposicion-en-turno-libre\/#breadcrumb"},"inLanguage":"es","potentialAction":[{"@type":"ReadAction","target":["https:\/\/www.emplea-te.com\/noticias-oposiciones\/universidad-autonoma-de-madrid-se-publica-la-convocatoria-para-cubrir-distintas-plazas-de-personal-de-administracion-y-servicios-por-el-sistema-selectivo-de-concurso-oposicion-en-turno-libre\/"]}]},{"@type":"BreadcrumbList","@id":"https:\/\/www.emplea-te.com\/noticias-oposiciones\/universidad-autonoma-de-madrid-se-publica-la-convocatoria-para-cubrir-distintas-plazas-de-personal-de-administracion-y-servicios-por-el-sistema-selectivo-de-concurso-oposicion-en-turno-libre\/#breadcrumb","itemListElement":[{"@type":"ListItem","position":1,"name":"Noticias Oposiciones","item":"https:\/\/www.emplea-te.com\/noticias-oposiciones\/"},{"@type":"ListItem","position":2,"name":"Oposiciones Madrid.","item":"https:\/\/www.emplea-te.com\/noticias-oposiciones\/categoria\/oposiciones-madrid\/"},{"@type":"ListItem","position":3,"name":"Universidad Aut\u00f3noma de Madrid. Se publica la convocatoria para cubrir distintas plazas de Personal de Administraci\u00f3n y Servicios por el sistema selectivo de concurso-oposici\u00f3n en turno libre."}]},{"@type":"WebSite","@id":"https:\/\/www.emplea-te.com\/noticias-oposiciones\/#website","url":"https:\/\/www.emplea-te.com\/noticias-oposiciones\/","name":"Noticas de oposiciones por Academia Emplea-te","description":"Toda la actualidad de las ofertas y convocatorias.","publisher":{"@id":"https:\/\/www.emplea-te.com\/noticias-oposiciones\/#organization"},"potentialAction":[{"@type":"SearchAction","target":{"@type":"EntryPoint","urlTemplate":"https:\/\/www.emplea-te.com\/noticias-oposiciones\/?s={search_term_string}"},"query-input":{"@type":"PropertyValueSpecification","valueRequired":true,"valueName":"search_term_string"}}],"inLanguage":"es"},{"@type":"Organization","@id":"https:\/\/www.emplea-te.com\/noticias-oposiciones\/#organization","name":"Academia de oposiciones Empl\u00e9ate","url":"https:\/\/www.emplea-te.com\/noticias-oposiciones\/","logo":{"@type":"ImageObject","inLanguage":"es","@id":"https:\/\/www.emplea-te.com\/noticias-oposiciones\/#\/schema\/logo\/image\/","url":"https:\/\/www.emplea-te.com\/noticias-oposiciones\/wp-content\/uploads\/2019\/04\/empleate.jpg","contentUrl":"https:\/\/www.emplea-te.com\/noticias-oposiciones\/wp-content\/uploads\/2019\/04\/empleate.jpg","width":250,"height":150,"caption":"Academia de oposiciones Empl\u00e9ate"},"image":{"@id":"https:\/\/www.emplea-te.com\/noticias-oposiciones\/#\/schema\/logo\/image\/"},"sameAs":["https:\/\/www.facebook.com\/AcademiaEmpleate\/","https:\/\/x.com\/Emplea_Te","https:\/\/www.instagram.com\/academia_empleate\/"]},{"@type":"Person","@id":"https:\/\/www.emplea-te.com\/noticias-oposiciones\/#\/schema\/person\/d1bc587e1af2b95e9c32aba1795509a6","name":"Empleate"}]}},"_links":{"self":[{"href":"https:\/\/www.emplea-te.com\/noticias-oposiciones\/wp-json\/wp\/v2\/posts\/8268","targetHints":{"allow":["GET"]}}],"collection":[{"href":"https:\/\/www.emplea-te.com\/noticias-oposiciones\/wp-json\/wp\/v2\/posts"}],"about":[{"href":"https:\/\/www.emplea-te.com\/noticias-oposiciones\/wp-json\/wp\/v2\/types\/post"}],"author":[{"embeddable":true,"href":"https:\/\/www.emplea-te.com\/noticias-oposiciones\/wp-json\/wp\/v2\/users\/1"}],"replies":[{"embeddable":true,"href":"https:\/\/www.emplea-te.com\/noticias-oposiciones\/wp-json\/wp\/v2\/comments?post=8268"}],"version-history":[{"count":2,"href":"https:\/\/www.emplea-te.com\/noticias-oposiciones\/wp-json\/wp\/v2\/posts\/8268\/revisions"}],"predecessor-version":[{"id":8274,"href":"https:\/\/www.emplea-te.com\/noticias-oposiciones\/wp-json\/wp\/v2\/posts\/8268\/revisions\/8274"}],"wp:attachment":[{"href":"https:\/\/www.emplea-te.com\/noticias-oposiciones\/wp-json\/wp\/v2\/media?parent=8268"}],"wp:term":[{"taxonomy":"category","embeddable":true,"href":"https:\/\/www.emplea-te.com\/noticias-oposiciones\/wp-json\/wp\/v2\/categories?post=8268"},{"taxonomy":"post_tag","embeddable":true,"href":"https:\/\/www.emplea-te.com\/noticias-oposiciones\/wp-json\/wp\/v2\/tags?post=8268"}],"curies":[{"name":"wp","href":"https:\/\/api.w.org\/{rel}","templated":true}]}}