{"id":8641,"date":"2023-01-16T10:33:55","date_gmt":"2023-01-16T09:33:55","guid":{"rendered":"https:\/\/www.emplea-te.com\/noticias-oposiciones\/?p=8641"},"modified":"2023-01-16T10:36:54","modified_gmt":"2023-01-16T09:36:54","slug":"cuerpo-de-gestion-de-la-administracion-civil-del-estado-aprobados-proceso-selectivo","status":"publish","type":"post","link":"https:\/\/www.emplea-te.com\/noticias-oposiciones\/cuerpo-de-gestion-de-la-administracion-civil-del-estado-aprobados-proceso-selectivo\/","title":{"rendered":"Cuerpo de Gesti\u00f3n de la Administraci\u00f3n Civil del Estado. Aprobados proceso selectivo."},"content":{"rendered":"<p>Se publica en el BOE de hoy, d\u00eda 16 de enero de 2023, la Resoluci\u00f3n de 12 de enero de 2023, de la Secretar\u00eda de Estado de Funci\u00f3n P\u00fablica, por la que se publica la relaci\u00f3n de aspirantes que han superado la fase de oposici\u00f3n de las pruebas selectivas para ingreso libre en el Cuerpo de Gesti\u00f3n de la Administraci\u00f3n Civil del Estado, convocadas por Resoluci\u00f3n de 26 de mayo de 2021.<\/p>\n<p><a href=\"https:\/\/www.boe.es\/boe\/dias\/2023\/01\/16\/pdfs\/BOE-A-2023-1029.pdf\" target=\"_blank\" rel=\"noopener\"><strong>Puedes acceder desde este enlace a la publicaci\u00f3n \u00edntegra de esta Resoluci\u00f3n y consultar la relaci\u00f3n de aprobados de este proceso selectivo.\u00a0<\/strong><\/a><\/p>\n","protected":false},"excerpt":{"rendered":"<p>Se publica en el BOE de hoy, d\u00eda 16 de enero de 2023, la Resoluci\u00f3n de 12 de enero de 2023, de la Secretar\u00eda de Estado de Funci\u00f3n P\u00fablica, por la que se publica la relaci\u00f3n de aspirantes que han superado la fase de oposici\u00f3n de las pruebas selectivas para ingreso libre en el Cuerpo &hellip; <a href=\"https:\/\/www.emplea-te.com\/noticias-oposiciones\/cuerpo-de-gestion-de-la-administracion-civil-del-estado-aprobados-proceso-selectivo\/\" class=\"more-link\">Continuar leyendo<span class=\"screen-reader-text\"> \u00abCuerpo de Gesti\u00f3n de la Administraci\u00f3n Civil del Estado. Aprobados proceso selectivo.\u00bb<\/span><\/a><\/p>\n","protected":false},"author":1,"featured_media":0,"comment_status":"closed","ping_status":"closed","sticky":false,"template":"","format":"standard","meta":{"footnotes":""},"categories":[47,7,12],"tags":[88],"class_list":["post-8641","post","type-post","status-publish","format-standard","hentry","category-administracion-general-del-estado","category-oposiciones-administracion-general-del-estado","category-gestion-de-la-administracion-civil-a2","tag-aprobados-proceso-selectivo"],"yoast_head":"<!-- This site is optimized with the Yoast SEO plugin v27.5 - https:\/\/yoast.com\/product\/yoast-seo-wordpress\/ -->\n<title>Cuerpo Gesti\u00f3n de la Administraci\u00f3n Civil del Estado. Aprobados<\/title>\n<meta name=\"description\" content=\"Cuerpo de Gesti\u00f3n de la Administraci\u00f3n Civil del Estado. Aprobados proceso selectivo.\" \/>\n<meta name=\"robots\" content=\"index, follow, max-snippet:-1, max-image-preview:large, max-video-preview:-1\" \/>\n<link rel=\"canonical\" href=\"https:\/\/www.emplea-te.com\/noticias-oposiciones\/cuerpo-de-gestion-de-la-administracion-civil-del-estado-aprobados-proceso-selectivo\/\" \/>\n<meta property=\"og:locale\" content=\"es_ES\" \/>\n<meta property=\"og:type\" content=\"article\" \/>\n<meta property=\"og:title\" content=\"Cuerpo Gesti\u00f3n de la Administraci\u00f3n Civil del Estado. Aprobados\" \/>\n<meta property=\"og:description\" content=\"Cuerpo de Gesti\u00f3n de la Administraci\u00f3n Civil del Estado. Aprobados proceso selectivo.\" \/>\n<meta property=\"og:url\" content=\"https:\/\/www.emplea-te.com\/noticias-oposiciones\/cuerpo-de-gestion-de-la-administracion-civil-del-estado-aprobados-proceso-selectivo\/\" \/>\n<meta property=\"og:site_name\" content=\"Noticas de oposiciones por Academia Emplea-te\" \/>\n<meta property=\"article:publisher\" content=\"https:\/\/www.facebook.com\/AcademiaEmpleate\/\" \/>\n<meta property=\"article:published_time\" content=\"2023-01-16T09:33:55+00:00\" \/>\n<meta property=\"article:modified_time\" content=\"2023-01-16T09:36:54+00:00\" \/>\n<meta name=\"author\" content=\"Empleate\" \/>\n<meta name=\"twitter:card\" content=\"summary_large_image\" \/>\n<meta name=\"twitter:creator\" content=\"@Emplea_Te\" \/>\n<meta name=\"twitter:site\" content=\"@Emplea_Te\" \/>\n<meta name=\"twitter:label1\" content=\"Escrito por\" \/>\n\t<meta name=\"twitter:data1\" content=\"Empleate\" \/>\n\t<meta name=\"twitter:label2\" content=\"Tiempo de lectura\" \/>\n\t<meta name=\"twitter:data2\" content=\"1 minuto\" \/>\n<script type=\"application\/ld+json\" class=\"yoast-schema-graph\">{\"@context\":\"https:\\\/\\\/schema.org\",\"@graph\":[{\"@type\":\"Article\",\"@id\":\"https:\\\/\\\/www.emplea-te.com\\\/noticias-oposiciones\\\/cuerpo-de-gestion-de-la-administracion-civil-del-estado-aprobados-proceso-selectivo\\\/#article\",\"isPartOf\":{\"@id\":\"https:\\\/\\\/www.emplea-te.com\\\/noticias-oposiciones\\\/cuerpo-de-gestion-de-la-administracion-civil-del-estado-aprobados-proceso-selectivo\\\/\"},\"author\":{\"name\":\"Empleate\",\"@id\":\"https:\\\/\\\/www.emplea-te.com\\\/noticias-oposiciones\\\/#\\\/schema\\\/person\\\/d1bc587e1af2b95e9c32aba1795509a6\"},\"headline\":\"Cuerpo de Gesti\u00f3n de la Administraci\u00f3n Civil del Estado. Aprobados proceso selectivo.\",\"datePublished\":\"2023-01-16T09:33:55+00:00\",\"dateModified\":\"2023-01-16T09:36:54+00:00\",\"mainEntityOfPage\":{\"@id\":\"https:\\\/\\\/www.emplea-te.com\\\/noticias-oposiciones\\\/cuerpo-de-gestion-de-la-administracion-civil-del-estado-aprobados-proceso-selectivo\\\/\"},\"wordCount\":115,\"publisher\":{\"@id\":\"https:\\\/\\\/www.emplea-te.com\\\/noticias-oposiciones\\\/#organization\"},\"keywords\":[\"Aprobados proceso selectivo\"],\"articleSection\":[\"Administraci\u00f3n General del Estado.\",\"Oposiciones Administraci\u00f3n General del Estado\",\"Oposiciones Gesti\u00f3n de la Administraci\u00f3n Civil A2\"],\"inLanguage\":\"es\"},{\"@type\":\"WebPage\",\"@id\":\"https:\\\/\\\/www.emplea-te.com\\\/noticias-oposiciones\\\/cuerpo-de-gestion-de-la-administracion-civil-del-estado-aprobados-proceso-selectivo\\\/\",\"url\":\"https:\\\/\\\/www.emplea-te.com\\\/noticias-oposiciones\\\/cuerpo-de-gestion-de-la-administracion-civil-del-estado-aprobados-proceso-selectivo\\\/\",\"name\":\"Cuerpo Gesti\u00f3n de la Administraci\u00f3n Civil del Estado. Aprobados\",\"isPartOf\":{\"@id\":\"https:\\\/\\\/www.emplea-te.com\\\/noticias-oposiciones\\\/#website\"},\"datePublished\":\"2023-01-16T09:33:55+00:00\",\"dateModified\":\"2023-01-16T09:36:54+00:00\",\"description\":\"Cuerpo de Gesti\u00f3n de la Administraci\u00f3n Civil del Estado. Aprobados proceso selectivo.\",\"breadcrumb\":{\"@id\":\"https:\\\/\\\/www.emplea-te.com\\\/noticias-oposiciones\\\/cuerpo-de-gestion-de-la-administracion-civil-del-estado-aprobados-proceso-selectivo\\\/#breadcrumb\"},\"inLanguage\":\"es\",\"potentialAction\":[{\"@type\":\"ReadAction\",\"target\":[\"https:\\\/\\\/www.emplea-te.com\\\/noticias-oposiciones\\\/cuerpo-de-gestion-de-la-administracion-civil-del-estado-aprobados-proceso-selectivo\\\/\"]}]},{\"@type\":\"BreadcrumbList\",\"@id\":\"https:\\\/\\\/www.emplea-te.com\\\/noticias-oposiciones\\\/cuerpo-de-gestion-de-la-administracion-civil-del-estado-aprobados-proceso-selectivo\\\/#breadcrumb\",\"itemListElement\":[{\"@type\":\"ListItem\",\"position\":1,\"name\":\"Noticias Oposiciones\",\"item\":\"https:\\\/\\\/www.emplea-te.com\\\/noticias-oposiciones\\\/\"},{\"@type\":\"ListItem\",\"position\":2,\"name\":\"Oposiciones Administraci\u00f3n General del Estado\",\"item\":\"https:\\\/\\\/www.emplea-te.com\\\/noticias-oposiciones\\\/categoria\\\/oposiciones-administracion-general-del-estado\\\/\"},{\"@type\":\"ListItem\",\"position\":3,\"name\":\"Cuerpo de Gesti\u00f3n de la Administraci\u00f3n Civil del Estado. Aprobados proceso selectivo.\"}]},{\"@type\":\"WebSite\",\"@id\":\"https:\\\/\\\/www.emplea-te.com\\\/noticias-oposiciones\\\/#website\",\"url\":\"https:\\\/\\\/www.emplea-te.com\\\/noticias-oposiciones\\\/\",\"name\":\"Noticas de oposiciones por Academia Emplea-te\",\"description\":\"Toda la actualidad de las ofertas y convocatorias.\",\"publisher\":{\"@id\":\"https:\\\/\\\/www.emplea-te.com\\\/noticias-oposiciones\\\/#organization\"},\"potentialAction\":[{\"@type\":\"SearchAction\",\"target\":{\"@type\":\"EntryPoint\",\"urlTemplate\":\"https:\\\/\\\/www.emplea-te.com\\\/noticias-oposiciones\\\/?s={search_term_string}\"},\"query-input\":{\"@type\":\"PropertyValueSpecification\",\"valueRequired\":true,\"valueName\":\"search_term_string\"}}],\"inLanguage\":\"es\"},{\"@type\":\"Organization\",\"@id\":\"https:\\\/\\\/www.emplea-te.com\\\/noticias-oposiciones\\\/#organization\",\"name\":\"Academia de oposiciones Empl\u00e9ate\",\"url\":\"https:\\\/\\\/www.emplea-te.com\\\/noticias-oposiciones\\\/\",\"logo\":{\"@type\":\"ImageObject\",\"inLanguage\":\"es\",\"@id\":\"https:\\\/\\\/www.emplea-te.com\\\/noticias-oposiciones\\\/#\\\/schema\\\/logo\\\/image\\\/\",\"url\":\"https:\\\/\\\/www.emplea-te.com\\\/noticias-oposiciones\\\/wp-content\\\/uploads\\\/2019\\\/04\\\/empleate.jpg\",\"contentUrl\":\"https:\\\/\\\/www.emplea-te.com\\\/noticias-oposiciones\\\/wp-content\\\/uploads\\\/2019\\\/04\\\/empleate.jpg\",\"width\":250,\"height\":150,\"caption\":\"Academia de oposiciones Empl\u00e9ate\"},\"image\":{\"@id\":\"https:\\\/\\\/www.emplea-te.com\\\/noticias-oposiciones\\\/#\\\/schema\\\/logo\\\/image\\\/\"},\"sameAs\":[\"https:\\\/\\\/www.facebook.com\\\/AcademiaEmpleate\\\/\",\"https:\\\/\\\/x.com\\\/Emplea_Te\",\"https:\\\/\\\/www.instagram.com\\\/academia_empleate\\\/\"]},{\"@type\":\"Person\",\"@id\":\"https:\\\/\\\/www.emplea-te.com\\\/noticias-oposiciones\\\/#\\\/schema\\\/person\\\/d1bc587e1af2b95e9c32aba1795509a6\",\"name\":\"Empleate\"}]}<\/script>\n<!-- \/ Yoast SEO plugin. -->","yoast_head_json":{"title":"Cuerpo Gesti\u00f3n de la Administraci\u00f3n Civil del Estado. Aprobados","description":"Cuerpo de Gesti\u00f3n de la Administraci\u00f3n Civil del Estado. Aprobados proceso selectivo.","robots":{"index":"index","follow":"follow","max-snippet":"max-snippet:-1","max-image-preview":"max-image-preview:large","max-video-preview":"max-video-preview:-1"},"canonical":"https:\/\/www.emplea-te.com\/noticias-oposiciones\/cuerpo-de-gestion-de-la-administracion-civil-del-estado-aprobados-proceso-selectivo\/","og_locale":"es_ES","og_type":"article","og_title":"Cuerpo Gesti\u00f3n de la Administraci\u00f3n Civil del Estado. Aprobados","og_description":"Cuerpo de Gesti\u00f3n de la Administraci\u00f3n Civil del Estado. Aprobados proceso selectivo.","og_url":"https:\/\/www.emplea-te.com\/noticias-oposiciones\/cuerpo-de-gestion-de-la-administracion-civil-del-estado-aprobados-proceso-selectivo\/","og_site_name":"Noticas de oposiciones por Academia Emplea-te","article_publisher":"https:\/\/www.facebook.com\/AcademiaEmpleate\/","article_published_time":"2023-01-16T09:33:55+00:00","article_modified_time":"2023-01-16T09:36:54+00:00","author":"Empleate","twitter_card":"summary_large_image","twitter_creator":"@Emplea_Te","twitter_site":"@Emplea_Te","twitter_misc":{"Escrito por":"Empleate","Tiempo de lectura":"1 minuto"},"schema":{"@context":"https:\/\/schema.org","@graph":[{"@type":"Article","@id":"https:\/\/www.emplea-te.com\/noticias-oposiciones\/cuerpo-de-gestion-de-la-administracion-civil-del-estado-aprobados-proceso-selectivo\/#article","isPartOf":{"@id":"https:\/\/www.emplea-te.com\/noticias-oposiciones\/cuerpo-de-gestion-de-la-administracion-civil-del-estado-aprobados-proceso-selectivo\/"},"author":{"name":"Empleate","@id":"https:\/\/www.emplea-te.com\/noticias-oposiciones\/#\/schema\/person\/d1bc587e1af2b95e9c32aba1795509a6"},"headline":"Cuerpo de Gesti\u00f3n de la Administraci\u00f3n Civil del Estado. Aprobados proceso selectivo.","datePublished":"2023-01-16T09:33:55+00:00","dateModified":"2023-01-16T09:36:54+00:00","mainEntityOfPage":{"@id":"https:\/\/www.emplea-te.com\/noticias-oposiciones\/cuerpo-de-gestion-de-la-administracion-civil-del-estado-aprobados-proceso-selectivo\/"},"wordCount":115,"publisher":{"@id":"https:\/\/www.emplea-te.com\/noticias-oposiciones\/#organization"},"keywords":["Aprobados proceso selectivo"],"articleSection":["Administraci\u00f3n General del Estado.","Oposiciones Administraci\u00f3n General del Estado","Oposiciones Gesti\u00f3n de la Administraci\u00f3n Civil A2"],"inLanguage":"es"},{"@type":"WebPage","@id":"https:\/\/www.emplea-te.com\/noticias-oposiciones\/cuerpo-de-gestion-de-la-administracion-civil-del-estado-aprobados-proceso-selectivo\/","url":"https:\/\/www.emplea-te.com\/noticias-oposiciones\/cuerpo-de-gestion-de-la-administracion-civil-del-estado-aprobados-proceso-selectivo\/","name":"Cuerpo Gesti\u00f3n de la Administraci\u00f3n Civil del Estado. Aprobados","isPartOf":{"@id":"https:\/\/www.emplea-te.com\/noticias-oposiciones\/#website"},"datePublished":"2023-01-16T09:33:55+00:00","dateModified":"2023-01-16T09:36:54+00:00","description":"Cuerpo de Gesti\u00f3n de la Administraci\u00f3n Civil del Estado. Aprobados proceso selectivo.","breadcrumb":{"@id":"https:\/\/www.emplea-te.com\/noticias-oposiciones\/cuerpo-de-gestion-de-la-administracion-civil-del-estado-aprobados-proceso-selectivo\/#breadcrumb"},"inLanguage":"es","potentialAction":[{"@type":"ReadAction","target":["https:\/\/www.emplea-te.com\/noticias-oposiciones\/cuerpo-de-gestion-de-la-administracion-civil-del-estado-aprobados-proceso-selectivo\/"]}]},{"@type":"BreadcrumbList","@id":"https:\/\/www.emplea-te.com\/noticias-oposiciones\/cuerpo-de-gestion-de-la-administracion-civil-del-estado-aprobados-proceso-selectivo\/#breadcrumb","itemListElement":[{"@type":"ListItem","position":1,"name":"Noticias Oposiciones","item":"https:\/\/www.emplea-te.com\/noticias-oposiciones\/"},{"@type":"ListItem","position":2,"name":"Oposiciones Administraci\u00f3n General del Estado","item":"https:\/\/www.emplea-te.com\/noticias-oposiciones\/categoria\/oposiciones-administracion-general-del-estado\/"},{"@type":"ListItem","position":3,"name":"Cuerpo de Gesti\u00f3n de la Administraci\u00f3n Civil del Estado. Aprobados proceso selectivo."}]},{"@type":"WebSite","@id":"https:\/\/www.emplea-te.com\/noticias-oposiciones\/#website","url":"https:\/\/www.emplea-te.com\/noticias-oposiciones\/","name":"Noticas de oposiciones por Academia Emplea-te","description":"Toda la actualidad de las ofertas y convocatorias.","publisher":{"@id":"https:\/\/www.emplea-te.com\/noticias-oposiciones\/#organization"},"potentialAction":[{"@type":"SearchAction","target":{"@type":"EntryPoint","urlTemplate":"https:\/\/www.emplea-te.com\/noticias-oposiciones\/?s={search_term_string}"},"query-input":{"@type":"PropertyValueSpecification","valueRequired":true,"valueName":"search_term_string"}}],"inLanguage":"es"},{"@type":"Organization","@id":"https:\/\/www.emplea-te.com\/noticias-oposiciones\/#organization","name":"Academia de oposiciones Empl\u00e9ate","url":"https:\/\/www.emplea-te.com\/noticias-oposiciones\/","logo":{"@type":"ImageObject","inLanguage":"es","@id":"https:\/\/www.emplea-te.com\/noticias-oposiciones\/#\/schema\/logo\/image\/","url":"https:\/\/www.emplea-te.com\/noticias-oposiciones\/wp-content\/uploads\/2019\/04\/empleate.jpg","contentUrl":"https:\/\/www.emplea-te.com\/noticias-oposiciones\/wp-content\/uploads\/2019\/04\/empleate.jpg","width":250,"height":150,"caption":"Academia de oposiciones Empl\u00e9ate"},"image":{"@id":"https:\/\/www.emplea-te.com\/noticias-oposiciones\/#\/schema\/logo\/image\/"},"sameAs":["https:\/\/www.facebook.com\/AcademiaEmpleate\/","https:\/\/x.com\/Emplea_Te","https:\/\/www.instagram.com\/academia_empleate\/"]},{"@type":"Person","@id":"https:\/\/www.emplea-te.com\/noticias-oposiciones\/#\/schema\/person\/d1bc587e1af2b95e9c32aba1795509a6","name":"Empleate"}]}},"_links":{"self":[{"href":"https:\/\/www.emplea-te.com\/noticias-oposiciones\/wp-json\/wp\/v2\/posts\/8641","targetHints":{"allow":["GET"]}}],"collection":[{"href":"https:\/\/www.emplea-te.com\/noticias-oposiciones\/wp-json\/wp\/v2\/posts"}],"about":[{"href":"https:\/\/www.emplea-te.com\/noticias-oposiciones\/wp-json\/wp\/v2\/types\/post"}],"author":[{"embeddable":true,"href":"https:\/\/www.emplea-te.com\/noticias-oposiciones\/wp-json\/wp\/v2\/users\/1"}],"replies":[{"embeddable":true,"href":"https:\/\/www.emplea-te.com\/noticias-oposiciones\/wp-json\/wp\/v2\/comments?post=8641"}],"version-history":[{"count":1,"href":"https:\/\/www.emplea-te.com\/noticias-oposiciones\/wp-json\/wp\/v2\/posts\/8641\/revisions"}],"predecessor-version":[{"id":8642,"href":"https:\/\/www.emplea-te.com\/noticias-oposiciones\/wp-json\/wp\/v2\/posts\/8641\/revisions\/8642"}],"wp:attachment":[{"href":"https:\/\/www.emplea-te.com\/noticias-oposiciones\/wp-json\/wp\/v2\/media?parent=8641"}],"wp:term":[{"taxonomy":"category","embeddable":true,"href":"https:\/\/www.emplea-te.com\/noticias-oposiciones\/wp-json\/wp\/v2\/categories?post=8641"},{"taxonomy":"post_tag","embeddable":true,"href":"https:\/\/www.emplea-te.com\/noticias-oposiciones\/wp-json\/wp\/v2\/tags?post=8641"}],"curies":[{"name":"wp","href":"https:\/\/api.w.org\/{rel}","templated":true}]}}