{"id":8920,"date":"2023-02-07T11:11:12","date_gmt":"2023-02-07T10:11:12","guid":{"rendered":"https:\/\/www.emplea-te.com\/noticias-oposiciones\/?p=8920"},"modified":"2023-02-07T11:11:12","modified_gmt":"2023-02-07T10:11:12","slug":"ayuntamiento-de-el-alamo-madrid-publicada-la-convocatoria-para-cubrir-distintas-plazas-plazo-de-presentacion-de-instancias-abierto-hasta-el-dia-07-03-2023","status":"publish","type":"post","link":"https:\/\/www.emplea-te.com\/noticias-oposiciones\/ayuntamiento-de-el-alamo-madrid-publicada-la-convocatoria-para-cubrir-distintas-plazas-plazo-de-presentacion-de-instancias-abierto-hasta-el-dia-07-03-2023\/","title":{"rendered":"Ayuntamiento de El \u00c1lamo (Madrid). Publicada la convocatoria para cubrir distintas plazas. Plazo de presentaci\u00f3n de instancias abierto hasta el d\u00eda 07\/03\/2023."},"content":{"rendered":"<p>&nbsp;<\/p>\n<p>Se publica en el BOE de hoy, d\u00eda 7 de febrero de 2023,\u00a0Resoluci\u00f3n de 19 de enero de 2023, del Ayuntamiento de El \u00c1lamo (Madrid), referente a la convocatoria para proveer varias plazas.<\/p>\n<p><strong>De entre las plazas que son objeto de convocatoria derivadas de la OEP de Estabilizaci\u00f3n, destacamos:<\/strong><\/p>\n<p>1 plaza de Bibliotecaria de la plantilla de personal laboral fijo, a cubrir por el sistema de concurso-oposici\u00f3n, en turno libre.<\/p>\n<p>1plaza de Empleadas de Biblioteca de la plantilla de personal laboral fijo, a cubrir por el sistema de concurso-oposici\u00f3n, en turno libre.<\/p>\n<p>1 plaza de Conserje de la plantilla de personal laboral fijo, a cubrir por el sistema de concurso-oposici\u00f3n, en turno libre.<\/p>\n<p><strong>Convocatoria Ordinaria para cubrir plazas vacantes de nuevo ingreso no incluidas en procesos de estabilizaci\u00f3n de empleo temporal:<\/strong><\/p>\n<p>1 plaza de Conserje de la plantilla de personal laboral fijo, a cubrir por el sistema de concurso-oposici\u00f3n, en turno libre.<\/p>\n<p><strong>El plazo de presentaci\u00f3n de solicitudes<\/strong> ser\u00e1 de veinte d\u00edas h\u00e1biles a contar desde el siguiente al de la publicaci\u00f3n de esta resoluci\u00f3n en el BOE y por tanto el plazo permanecer\u00e1 <strong>abierto desde el d\u00eda 08\/02\/2023 hasta el d\u00eda 07\/03\/2023<\/strong><\/p>\n<p><a href=\"https:\/\/www.bocm.es\/boletin\/CM_Orden_BOCM\/2022\/12\/30\/BOCM-20221230-121.PDF\" target=\"_blank\" rel=\"noopener\"><strong>En el \u00abBolet\u00edn Oficial de la Comunidad de Madrid\u00bb n\u00famero 311, de fecha 30 de diciembre de 2022, se ha publicado el anuncio de aprobaci\u00f3n de las Bases Generales y Espec\u00edficas que han de regir la convocatoria.<\/strong><\/a><\/p>\n<p><a href=\"https:\/\/ayuntamientoelalamo.org\/servicios\/perfil-del-contratante\/\" target=\"_blank\" rel=\"noopener\"><strong>Las bases est\u00e1n publicadas tambi\u00e9n en la Web del Ayuntamiento.\u00a0<\/strong><\/a><\/p>\n<p><a href=\"https:\/\/www.boe.es\/boe\/dias\/2023\/02\/07\/pdfs\/BOE-A-2023-3180.pdf\" target=\"_blank\" rel=\"noopener\"><strong>Accede a la Resoluci\u00f3n con su contenido \u00edntegro referente a esta convocatoria publicada en el BOE de hoy.<\/strong><\/a><\/p>\n","protected":false},"excerpt":{"rendered":"<p>&nbsp; Se publica en el BOE de hoy, d\u00eda 7 de febrero de 2023,\u00a0Resoluci\u00f3n de 19 de enero de 2023, del Ayuntamiento de El \u00c1lamo (Madrid), referente a la convocatoria para proveer varias plazas. De entre las plazas que son objeto de convocatoria derivadas de la OEP de Estabilizaci\u00f3n, destacamos: 1 plaza de Bibliotecaria de &hellip; <a href=\"https:\/\/www.emplea-te.com\/noticias-oposiciones\/ayuntamiento-de-el-alamo-madrid-publicada-la-convocatoria-para-cubrir-distintas-plazas-plazo-de-presentacion-de-instancias-abierto-hasta-el-dia-07-03-2023\/\" class=\"more-link\">Continuar leyendo<span class=\"screen-reader-text\"> \u00abAyuntamiento de El \u00c1lamo (Madrid). Publicada la convocatoria para cubrir distintas plazas. Plazo de presentaci\u00f3n de instancias abierto hasta el d\u00eda 07\/03\/2023.\u00bb<\/span><\/a><\/p>\n","protected":false},"author":1,"featured_media":0,"comment_status":"closed","ping_status":"closed","sticky":false,"template":"","format":"standard","meta":{"footnotes":""},"categories":[115,109],"tags":[49],"class_list":["post-8920","post","type-post","status-publish","format-standard","hentry","category-convocatoria-ayuntamientos","category-oposiciones-madrid","tag-convocatorias-de-oposiciones"],"yoast_head":"<!-- This site is optimized with the Yoast SEO plugin v27.3 - https:\/\/yoast.com\/product\/yoast-seo-wordpress\/ -->\n<title>Ayuntamiento de El \u00c1lamo (Madrid). Convocatoria Empleo P\u00fablico.<\/title>\n<meta name=\"description\" content=\"Ayuntamiento de El \u00c1lamo (Madrid). Publicada la convocatoria para cubrir distintas plazas. Plazo de presentaci\u00f3n de instancias abierto hasta el d\u00eda 07\/03\/2023.\" \/>\n<meta name=\"robots\" content=\"index, follow, max-snippet:-1, max-image-preview:large, max-video-preview:-1\" \/>\n<link rel=\"canonical\" href=\"https:\/\/www.emplea-te.com\/noticias-oposiciones\/ayuntamiento-de-el-alamo-madrid-publicada-la-convocatoria-para-cubrir-distintas-plazas-plazo-de-presentacion-de-instancias-abierto-hasta-el-dia-07-03-2023\/\" \/>\n<meta property=\"og:locale\" content=\"es_ES\" \/>\n<meta property=\"og:type\" content=\"article\" \/>\n<meta property=\"og:title\" content=\"Ayuntamiento de El \u00c1lamo (Madrid). Convocatoria Empleo P\u00fablico.\" \/>\n<meta property=\"og:description\" content=\"Ayuntamiento de El \u00c1lamo (Madrid). Publicada la convocatoria para cubrir distintas plazas. Plazo de presentaci\u00f3n de instancias abierto hasta el d\u00eda 07\/03\/2023.\" \/>\n<meta property=\"og:url\" content=\"https:\/\/www.emplea-te.com\/noticias-oposiciones\/ayuntamiento-de-el-alamo-madrid-publicada-la-convocatoria-para-cubrir-distintas-plazas-plazo-de-presentacion-de-instancias-abierto-hasta-el-dia-07-03-2023\/\" \/>\n<meta property=\"og:site_name\" content=\"Noticas de oposiciones por Academia Emplea-te\" \/>\n<meta property=\"article:publisher\" content=\"https:\/\/www.facebook.com\/AcademiaEmpleate\/\" \/>\n<meta property=\"article:published_time\" content=\"2023-02-07T10:11:12+00:00\" \/>\n<meta name=\"author\" content=\"Empleate\" \/>\n<meta name=\"twitter:card\" content=\"summary_large_image\" \/>\n<meta name=\"twitter:creator\" content=\"@Emplea_Te\" \/>\n<meta name=\"twitter:site\" content=\"@Emplea_Te\" \/>\n<meta name=\"twitter:label1\" content=\"Escrito por\" \/>\n\t<meta name=\"twitter:data1\" content=\"Empleate\" \/>\n\t<meta name=\"twitter:label2\" content=\"Tiempo de lectura\" \/>\n\t<meta name=\"twitter:data2\" content=\"2 minutos\" \/>\n<script type=\"application\/ld+json\" class=\"yoast-schema-graph\">{\"@context\":\"https:\\\/\\\/schema.org\",\"@graph\":[{\"@type\":\"Article\",\"@id\":\"https:\\\/\\\/www.emplea-te.com\\\/noticias-oposiciones\\\/ayuntamiento-de-el-alamo-madrid-publicada-la-convocatoria-para-cubrir-distintas-plazas-plazo-de-presentacion-de-instancias-abierto-hasta-el-dia-07-03-2023\\\/#article\",\"isPartOf\":{\"@id\":\"https:\\\/\\\/www.emplea-te.com\\\/noticias-oposiciones\\\/ayuntamiento-de-el-alamo-madrid-publicada-la-convocatoria-para-cubrir-distintas-plazas-plazo-de-presentacion-de-instancias-abierto-hasta-el-dia-07-03-2023\\\/\"},\"author\":{\"name\":\"Empleate\",\"@id\":\"https:\\\/\\\/www.emplea-te.com\\\/noticias-oposiciones\\\/#\\\/schema\\\/person\\\/d1bc587e1af2b95e9c32aba1795509a6\"},\"headline\":\"Ayuntamiento de El \u00c1lamo (Madrid). Publicada la convocatoria para cubrir distintas plazas. Plazo de presentaci\u00f3n de instancias abierto hasta el d\u00eda 07\\\/03\\\/2023.\",\"datePublished\":\"2023-02-07T10:11:12+00:00\",\"mainEntityOfPage\":{\"@id\":\"https:\\\/\\\/www.emplea-te.com\\\/noticias-oposiciones\\\/ayuntamiento-de-el-alamo-madrid-publicada-la-convocatoria-para-cubrir-distintas-plazas-plazo-de-presentacion-de-instancias-abierto-hasta-el-dia-07-03-2023\\\/\"},\"wordCount\":293,\"publisher\":{\"@id\":\"https:\\\/\\\/www.emplea-te.com\\\/noticias-oposiciones\\\/#organization\"},\"keywords\":[\"Convocatoria\"],\"articleSection\":[\"CONVOCATORIA AYUNTAMIENTOS\",\"Oposiciones Madrid.\"],\"inLanguage\":\"es\"},{\"@type\":\"WebPage\",\"@id\":\"https:\\\/\\\/www.emplea-te.com\\\/noticias-oposiciones\\\/ayuntamiento-de-el-alamo-madrid-publicada-la-convocatoria-para-cubrir-distintas-plazas-plazo-de-presentacion-de-instancias-abierto-hasta-el-dia-07-03-2023\\\/\",\"url\":\"https:\\\/\\\/www.emplea-te.com\\\/noticias-oposiciones\\\/ayuntamiento-de-el-alamo-madrid-publicada-la-convocatoria-para-cubrir-distintas-plazas-plazo-de-presentacion-de-instancias-abierto-hasta-el-dia-07-03-2023\\\/\",\"name\":\"Ayuntamiento de El \u00c1lamo (Madrid). Convocatoria Empleo P\u00fablico.\",\"isPartOf\":{\"@id\":\"https:\\\/\\\/www.emplea-te.com\\\/noticias-oposiciones\\\/#website\"},\"datePublished\":\"2023-02-07T10:11:12+00:00\",\"description\":\"Ayuntamiento de El \u00c1lamo (Madrid). Publicada la convocatoria para cubrir distintas plazas. Plazo de presentaci\u00f3n de instancias abierto hasta el d\u00eda 07\\\/03\\\/2023.\",\"breadcrumb\":{\"@id\":\"https:\\\/\\\/www.emplea-te.com\\\/noticias-oposiciones\\\/ayuntamiento-de-el-alamo-madrid-publicada-la-convocatoria-para-cubrir-distintas-plazas-plazo-de-presentacion-de-instancias-abierto-hasta-el-dia-07-03-2023\\\/#breadcrumb\"},\"inLanguage\":\"es\",\"potentialAction\":[{\"@type\":\"ReadAction\",\"target\":[\"https:\\\/\\\/www.emplea-te.com\\\/noticias-oposiciones\\\/ayuntamiento-de-el-alamo-madrid-publicada-la-convocatoria-para-cubrir-distintas-plazas-plazo-de-presentacion-de-instancias-abierto-hasta-el-dia-07-03-2023\\\/\"]}]},{\"@type\":\"BreadcrumbList\",\"@id\":\"https:\\\/\\\/www.emplea-te.com\\\/noticias-oposiciones\\\/ayuntamiento-de-el-alamo-madrid-publicada-la-convocatoria-para-cubrir-distintas-plazas-plazo-de-presentacion-de-instancias-abierto-hasta-el-dia-07-03-2023\\\/#breadcrumb\",\"itemListElement\":[{\"@type\":\"ListItem\",\"position\":1,\"name\":\"Noticias Oposiciones\",\"item\":\"https:\\\/\\\/www.emplea-te.com\\\/noticias-oposiciones\\\/\"},{\"@type\":\"ListItem\",\"position\":2,\"name\":\"Oposiciones Madrid.\",\"item\":\"https:\\\/\\\/www.emplea-te.com\\\/noticias-oposiciones\\\/categoria\\\/oposiciones-madrid\\\/\"},{\"@type\":\"ListItem\",\"position\":3,\"name\":\"Ayuntamiento de El \u00c1lamo (Madrid). Publicada la convocatoria para cubrir distintas plazas. Plazo de presentaci\u00f3n de instancias abierto hasta el d\u00eda 07\\\/03\\\/2023.\"}]},{\"@type\":\"WebSite\",\"@id\":\"https:\\\/\\\/www.emplea-te.com\\\/noticias-oposiciones\\\/#website\",\"url\":\"https:\\\/\\\/www.emplea-te.com\\\/noticias-oposiciones\\\/\",\"name\":\"Noticas de oposiciones por Academia Emplea-te\",\"description\":\"Toda la actualidad de las ofertas y convocatorias.\",\"publisher\":{\"@id\":\"https:\\\/\\\/www.emplea-te.com\\\/noticias-oposiciones\\\/#organization\"},\"potentialAction\":[{\"@type\":\"SearchAction\",\"target\":{\"@type\":\"EntryPoint\",\"urlTemplate\":\"https:\\\/\\\/www.emplea-te.com\\\/noticias-oposiciones\\\/?s={search_term_string}\"},\"query-input\":{\"@type\":\"PropertyValueSpecification\",\"valueRequired\":true,\"valueName\":\"search_term_string\"}}],\"inLanguage\":\"es\"},{\"@type\":\"Organization\",\"@id\":\"https:\\\/\\\/www.emplea-te.com\\\/noticias-oposiciones\\\/#organization\",\"name\":\"Academia de oposiciones Empl\u00e9ate\",\"url\":\"https:\\\/\\\/www.emplea-te.com\\\/noticias-oposiciones\\\/\",\"logo\":{\"@type\":\"ImageObject\",\"inLanguage\":\"es\",\"@id\":\"https:\\\/\\\/www.emplea-te.com\\\/noticias-oposiciones\\\/#\\\/schema\\\/logo\\\/image\\\/\",\"url\":\"https:\\\/\\\/www.emplea-te.com\\\/noticias-oposiciones\\\/wp-content\\\/uploads\\\/2019\\\/04\\\/empleate.jpg\",\"contentUrl\":\"https:\\\/\\\/www.emplea-te.com\\\/noticias-oposiciones\\\/wp-content\\\/uploads\\\/2019\\\/04\\\/empleate.jpg\",\"width\":250,\"height\":150,\"caption\":\"Academia de oposiciones Empl\u00e9ate\"},\"image\":{\"@id\":\"https:\\\/\\\/www.emplea-te.com\\\/noticias-oposiciones\\\/#\\\/schema\\\/logo\\\/image\\\/\"},\"sameAs\":[\"https:\\\/\\\/www.facebook.com\\\/AcademiaEmpleate\\\/\",\"https:\\\/\\\/x.com\\\/Emplea_Te\",\"https:\\\/\\\/www.instagram.com\\\/academia_empleate\\\/\"]},{\"@type\":\"Person\",\"@id\":\"https:\\\/\\\/www.emplea-te.com\\\/noticias-oposiciones\\\/#\\\/schema\\\/person\\\/d1bc587e1af2b95e9c32aba1795509a6\",\"name\":\"Empleate\"}]}<\/script>\n<!-- \/ Yoast SEO plugin. -->","yoast_head_json":{"title":"Ayuntamiento de El \u00c1lamo (Madrid). Convocatoria Empleo P\u00fablico.","description":"Ayuntamiento de El \u00c1lamo (Madrid). Publicada la convocatoria para cubrir distintas plazas. Plazo de presentaci\u00f3n de instancias abierto hasta el d\u00eda 07\/03\/2023.","robots":{"index":"index","follow":"follow","max-snippet":"max-snippet:-1","max-image-preview":"max-image-preview:large","max-video-preview":"max-video-preview:-1"},"canonical":"https:\/\/www.emplea-te.com\/noticias-oposiciones\/ayuntamiento-de-el-alamo-madrid-publicada-la-convocatoria-para-cubrir-distintas-plazas-plazo-de-presentacion-de-instancias-abierto-hasta-el-dia-07-03-2023\/","og_locale":"es_ES","og_type":"article","og_title":"Ayuntamiento de El \u00c1lamo (Madrid). Convocatoria Empleo P\u00fablico.","og_description":"Ayuntamiento de El \u00c1lamo (Madrid). Publicada la convocatoria para cubrir distintas plazas. Plazo de presentaci\u00f3n de instancias abierto hasta el d\u00eda 07\/03\/2023.","og_url":"https:\/\/www.emplea-te.com\/noticias-oposiciones\/ayuntamiento-de-el-alamo-madrid-publicada-la-convocatoria-para-cubrir-distintas-plazas-plazo-de-presentacion-de-instancias-abierto-hasta-el-dia-07-03-2023\/","og_site_name":"Noticas de oposiciones por Academia Emplea-te","article_publisher":"https:\/\/www.facebook.com\/AcademiaEmpleate\/","article_published_time":"2023-02-07T10:11:12+00:00","author":"Empleate","twitter_card":"summary_large_image","twitter_creator":"@Emplea_Te","twitter_site":"@Emplea_Te","twitter_misc":{"Escrito por":"Empleate","Tiempo de lectura":"2 minutos"},"schema":{"@context":"https:\/\/schema.org","@graph":[{"@type":"Article","@id":"https:\/\/www.emplea-te.com\/noticias-oposiciones\/ayuntamiento-de-el-alamo-madrid-publicada-la-convocatoria-para-cubrir-distintas-plazas-plazo-de-presentacion-de-instancias-abierto-hasta-el-dia-07-03-2023\/#article","isPartOf":{"@id":"https:\/\/www.emplea-te.com\/noticias-oposiciones\/ayuntamiento-de-el-alamo-madrid-publicada-la-convocatoria-para-cubrir-distintas-plazas-plazo-de-presentacion-de-instancias-abierto-hasta-el-dia-07-03-2023\/"},"author":{"name":"Empleate","@id":"https:\/\/www.emplea-te.com\/noticias-oposiciones\/#\/schema\/person\/d1bc587e1af2b95e9c32aba1795509a6"},"headline":"Ayuntamiento de El \u00c1lamo (Madrid). Publicada la convocatoria para cubrir distintas plazas. Plazo de presentaci\u00f3n de instancias abierto hasta el d\u00eda 07\/03\/2023.","datePublished":"2023-02-07T10:11:12+00:00","mainEntityOfPage":{"@id":"https:\/\/www.emplea-te.com\/noticias-oposiciones\/ayuntamiento-de-el-alamo-madrid-publicada-la-convocatoria-para-cubrir-distintas-plazas-plazo-de-presentacion-de-instancias-abierto-hasta-el-dia-07-03-2023\/"},"wordCount":293,"publisher":{"@id":"https:\/\/www.emplea-te.com\/noticias-oposiciones\/#organization"},"keywords":["Convocatoria"],"articleSection":["CONVOCATORIA AYUNTAMIENTOS","Oposiciones Madrid."],"inLanguage":"es"},{"@type":"WebPage","@id":"https:\/\/www.emplea-te.com\/noticias-oposiciones\/ayuntamiento-de-el-alamo-madrid-publicada-la-convocatoria-para-cubrir-distintas-plazas-plazo-de-presentacion-de-instancias-abierto-hasta-el-dia-07-03-2023\/","url":"https:\/\/www.emplea-te.com\/noticias-oposiciones\/ayuntamiento-de-el-alamo-madrid-publicada-la-convocatoria-para-cubrir-distintas-plazas-plazo-de-presentacion-de-instancias-abierto-hasta-el-dia-07-03-2023\/","name":"Ayuntamiento de El \u00c1lamo (Madrid). Convocatoria Empleo P\u00fablico.","isPartOf":{"@id":"https:\/\/www.emplea-te.com\/noticias-oposiciones\/#website"},"datePublished":"2023-02-07T10:11:12+00:00","description":"Ayuntamiento de El \u00c1lamo (Madrid). Publicada la convocatoria para cubrir distintas plazas. Plazo de presentaci\u00f3n de instancias abierto hasta el d\u00eda 07\/03\/2023.","breadcrumb":{"@id":"https:\/\/www.emplea-te.com\/noticias-oposiciones\/ayuntamiento-de-el-alamo-madrid-publicada-la-convocatoria-para-cubrir-distintas-plazas-plazo-de-presentacion-de-instancias-abierto-hasta-el-dia-07-03-2023\/#breadcrumb"},"inLanguage":"es","potentialAction":[{"@type":"ReadAction","target":["https:\/\/www.emplea-te.com\/noticias-oposiciones\/ayuntamiento-de-el-alamo-madrid-publicada-la-convocatoria-para-cubrir-distintas-plazas-plazo-de-presentacion-de-instancias-abierto-hasta-el-dia-07-03-2023\/"]}]},{"@type":"BreadcrumbList","@id":"https:\/\/www.emplea-te.com\/noticias-oposiciones\/ayuntamiento-de-el-alamo-madrid-publicada-la-convocatoria-para-cubrir-distintas-plazas-plazo-de-presentacion-de-instancias-abierto-hasta-el-dia-07-03-2023\/#breadcrumb","itemListElement":[{"@type":"ListItem","position":1,"name":"Noticias Oposiciones","item":"https:\/\/www.emplea-te.com\/noticias-oposiciones\/"},{"@type":"ListItem","position":2,"name":"Oposiciones Madrid.","item":"https:\/\/www.emplea-te.com\/noticias-oposiciones\/categoria\/oposiciones-madrid\/"},{"@type":"ListItem","position":3,"name":"Ayuntamiento de El \u00c1lamo (Madrid). Publicada la convocatoria para cubrir distintas plazas. Plazo de presentaci\u00f3n de instancias abierto hasta el d\u00eda 07\/03\/2023."}]},{"@type":"WebSite","@id":"https:\/\/www.emplea-te.com\/noticias-oposiciones\/#website","url":"https:\/\/www.emplea-te.com\/noticias-oposiciones\/","name":"Noticas de oposiciones por Academia Emplea-te","description":"Toda la actualidad de las ofertas y convocatorias.","publisher":{"@id":"https:\/\/www.emplea-te.com\/noticias-oposiciones\/#organization"},"potentialAction":[{"@type":"SearchAction","target":{"@type":"EntryPoint","urlTemplate":"https:\/\/www.emplea-te.com\/noticias-oposiciones\/?s={search_term_string}"},"query-input":{"@type":"PropertyValueSpecification","valueRequired":true,"valueName":"search_term_string"}}],"inLanguage":"es"},{"@type":"Organization","@id":"https:\/\/www.emplea-te.com\/noticias-oposiciones\/#organization","name":"Academia de oposiciones Empl\u00e9ate","url":"https:\/\/www.emplea-te.com\/noticias-oposiciones\/","logo":{"@type":"ImageObject","inLanguage":"es","@id":"https:\/\/www.emplea-te.com\/noticias-oposiciones\/#\/schema\/logo\/image\/","url":"https:\/\/www.emplea-te.com\/noticias-oposiciones\/wp-content\/uploads\/2019\/04\/empleate.jpg","contentUrl":"https:\/\/www.emplea-te.com\/noticias-oposiciones\/wp-content\/uploads\/2019\/04\/empleate.jpg","width":250,"height":150,"caption":"Academia de oposiciones Empl\u00e9ate"},"image":{"@id":"https:\/\/www.emplea-te.com\/noticias-oposiciones\/#\/schema\/logo\/image\/"},"sameAs":["https:\/\/www.facebook.com\/AcademiaEmpleate\/","https:\/\/x.com\/Emplea_Te","https:\/\/www.instagram.com\/academia_empleate\/"]},{"@type":"Person","@id":"https:\/\/www.emplea-te.com\/noticias-oposiciones\/#\/schema\/person\/d1bc587e1af2b95e9c32aba1795509a6","name":"Empleate"}]}},"_links":{"self":[{"href":"https:\/\/www.emplea-te.com\/noticias-oposiciones\/wp-json\/wp\/v2\/posts\/8920","targetHints":{"allow":["GET"]}}],"collection":[{"href":"https:\/\/www.emplea-te.com\/noticias-oposiciones\/wp-json\/wp\/v2\/posts"}],"about":[{"href":"https:\/\/www.emplea-te.com\/noticias-oposiciones\/wp-json\/wp\/v2\/types\/post"}],"author":[{"embeddable":true,"href":"https:\/\/www.emplea-te.com\/noticias-oposiciones\/wp-json\/wp\/v2\/users\/1"}],"replies":[{"embeddable":true,"href":"https:\/\/www.emplea-te.com\/noticias-oposiciones\/wp-json\/wp\/v2\/comments?post=8920"}],"version-history":[{"count":1,"href":"https:\/\/www.emplea-te.com\/noticias-oposiciones\/wp-json\/wp\/v2\/posts\/8920\/revisions"}],"predecessor-version":[{"id":8921,"href":"https:\/\/www.emplea-te.com\/noticias-oposiciones\/wp-json\/wp\/v2\/posts\/8920\/revisions\/8921"}],"wp:attachment":[{"href":"https:\/\/www.emplea-te.com\/noticias-oposiciones\/wp-json\/wp\/v2\/media?parent=8920"}],"wp:term":[{"taxonomy":"category","embeddable":true,"href":"https:\/\/www.emplea-te.com\/noticias-oposiciones\/wp-json\/wp\/v2\/categories?post=8920"},{"taxonomy":"post_tag","embeddable":true,"href":"https:\/\/www.emplea-te.com\/noticias-oposiciones\/wp-json\/wp\/v2\/tags?post=8920"}],"curies":[{"name":"wp","href":"https:\/\/api.w.org\/{rel}","templated":true}]}}