{"id":9999,"date":"2023-05-30T10:10:39","date_gmt":"2023-05-30T08:10:39","guid":{"rendered":"https:\/\/www.emplea-te.com\/noticias-oposiciones\/?p=9999"},"modified":"2023-05-30T10:10:39","modified_gmt":"2023-05-30T08:10:39","slug":"xunta-de-galicia-fecha-1o-ejercicio-cuerpo-superior-a1-75-plazas-turno-libre-y-administrativo-c1-102-plazas-turno-libre","status":"publish","type":"post","link":"https:\/\/www.emplea-te.com\/noticias-oposiciones\/xunta-de-galicia-fecha-1o-ejercicio-cuerpo-superior-a1-75-plazas-turno-libre-y-administrativo-c1-102-plazas-turno-libre\/","title":{"rendered":"Xunta de Galicia. Fecha 1\u00ba ejercicio Cuerpo Superior A1 (75 plazas turno libre) y Administrativo C1 (102 plazas turno libre)."},"content":{"rendered":"<p>Se publican en el DOG de hoy, d\u00eda 30 de mayo de 2023, las Resoluciones por las que se hacen p\u00fablicas la fecha de realizaci\u00f3n de primer ejercicio de distintos procesos selectivos convocados por turno libre.<\/p>\n<p><strong>Cuerpo Superior Administraci\u00f3n general de Galicia A1 (75 plazas convocadas por turno libre)<\/strong><\/p>\n<p>RESOLUCI\u00d3N de 16 de mayo de 2023, del tribunal calificador del proceso selectivo, por el turno de acceso libre, para el ingreso en el cuerpo superior de la Administraci\u00f3n general de la Comunidad Aut\u00f3noma de Galicia, subgrupo A1, convocado por Resoluci\u00f3n de 22 de junio de 2022, por la que se hacen p\u00fablicos la fecha, la hora y el lugar de realizaci\u00f3n del primer ejercicio del proceso selectivo.<\/p>\n<p><strong>Fecha primer ejercicio:<\/strong> primer ejercicio de la oposici\u00f3n, tendr\u00e1 lugar el d\u00eda 1 de julio de 2023, en llamamiento \u00fanico que se iniciar\u00e1 a las 9.00 horas, en el pabell\u00f3n 1 de la Feria Internacional de Galicia Abanca, en Silleda.<\/p>\n<p><a href=\"https:\/\/www.xunta.gal\/dog\/Publicados\/2023\/20230530\/AnuncioG0597-190523-0003_es.html\" target=\"_blank\" rel=\"noopener\"><strong>Enlace a Resoluci\u00f3n<\/strong><\/a><\/p>\n<p>Administrativo C1 (102 plazas convocadas por turno libre)<\/p>\n<p>RESOLUCI\u00d3N de 16 de mayo de 2023, del tribunal encargado de calificar el proceso selectivo de acceso libre para el ingreso en el cuerpo administrativo de la Administraci\u00f3n general de la Comunidad Aut\u00f3noma de Galicia, subgrupo C1, convocado mediante la Resoluci\u00f3n de 22 de junio de 2022 (Diario Oficial de Galicia n\u00famero 121, de 27 de junio), por la que se hacen p\u00fablicos la fecha, la hora y el lugar de realizaci\u00f3n del primer ejercicio del proceso selectivo.<\/p>\n<p><strong>Fecha primer ejercicio:<\/strong> \u00a0primer ejercicio de la oposici\u00f3n tendr\u00e1 lugar el d\u00eda 2 de julio de 2023, en llamamiento \u00fanico que se iniciar\u00e1 a las 16.00 horas, en los pabellones 1 y 2 de la Feria Internacional de Galicia Abanca, en Silleda.<\/p>\n<p><a href=\"https:\/\/www.xunta.gal\/dog\/Publicados\/2023\/20230530\/AnuncioG0597-160523-0011_es.html\" target=\"_blank\" rel=\"noopener\"><strong>Enlace a Resoluci\u00f3n.<\/strong><\/a><\/p>\n<p class=\"dog-base-sangria\">Las personas aspirantes deber\u00e1n ir provistas de DNI o de un documento fidedigno acreditativo de su identidad, a juicio del tribunal, l\u00e1piz del n\u00famero 2 y goma de borrar.<\/p>\n<p class=\"dog-base-sangria\">No se permitir\u00e1 el acceso a las aulas en las que se realice el ejercicio con tel\u00e9fonos m\u00f3viles, agendas electr\u00f3nicas, relojes inteligentes o cualquier otro material o instrumento de que se puedan valer las personas aspirantes para auxiliarse en la realizaci\u00f3n del ejercicio.<br \/>\nNo se habilitar\u00e1 ning\u00fan servicio de recogida de m\u00f3viles.<\/p>\n<p>&nbsp;<\/p>\n<p>\u00a1\u00a1SUERTE!!<\/p>\n<p>&nbsp;<\/p>\n<p>&nbsp;<\/p>\n<p>&nbsp;<\/p>\n<p>&nbsp;<\/p>\n<p>&nbsp;<\/p>\n<p>&nbsp;<\/p>\n","protected":false},"excerpt":{"rendered":"<p>Se publican en el DOG de hoy, d\u00eda 30 de mayo de 2023, las Resoluciones por las que se hacen p\u00fablicas la fecha de realizaci\u00f3n de primer ejercicio de distintos procesos selectivos convocados por turno libre. Cuerpo Superior Administraci\u00f3n general de Galicia A1 (75 plazas convocadas por turno libre) RESOLUCI\u00d3N de 16 de mayo de &hellip; <a href=\"https:\/\/www.emplea-te.com\/noticias-oposiciones\/xunta-de-galicia-fecha-1o-ejercicio-cuerpo-superior-a1-75-plazas-turno-libre-y-administrativo-c1-102-plazas-turno-libre\/\" class=\"more-link\">Continuar leyendo<span class=\"screen-reader-text\"> \u00abXunta de Galicia. Fecha 1\u00ba ejercicio Cuerpo Superior A1 (75 plazas turno libre) y Administrativo C1 (102 plazas turno libre).\u00bb<\/span><\/a><\/p>\n","protected":false},"author":1,"featured_media":0,"comment_status":"closed","ping_status":"closed","sticky":false,"template":"","format":"standard","meta":{"footnotes":""},"categories":[56,4],"tags":[82,71,103],"class_list":["post-9999","post","type-post","status-publish","format-standard","hentry","category-oposiciones-autonomicas-galicia","category-oposiciones-xunta","tag-acceso-libre","tag-fecha-examenes","tag-informacion-procesos-selectivos"],"yoast_head":"<!-- This site is optimized with the Yoast SEO plugin v27.3 - https:\/\/yoast.com\/product\/yoast-seo-wordpress\/ -->\n<title>Xunta de Galicia. Convocatoria procesos selectivos.<\/title>\n<meta name=\"description\" content=\"Xunta de Galicia. Fecha 1\u00ba ejercicio Cuerpo Superior A1 (75 plazas turno libre) y Administrativo C1 (102 plazas turno libre).\" \/>\n<meta name=\"robots\" content=\"index, follow, max-snippet:-1, max-image-preview:large, max-video-preview:-1\" \/>\n<link rel=\"canonical\" href=\"https:\/\/www.emplea-te.com\/noticias-oposiciones\/xunta-de-galicia-fecha-1o-ejercicio-cuerpo-superior-a1-75-plazas-turno-libre-y-administrativo-c1-102-plazas-turno-libre\/\" \/>\n<meta property=\"og:locale\" content=\"es_ES\" \/>\n<meta property=\"og:type\" content=\"article\" \/>\n<meta property=\"og:title\" content=\"Xunta de Galicia. Convocatoria procesos selectivos.\" \/>\n<meta property=\"og:description\" content=\"Xunta de Galicia. Fecha 1\u00ba ejercicio Cuerpo Superior A1 (75 plazas turno libre) y Administrativo C1 (102 plazas turno libre).\" \/>\n<meta property=\"og:url\" content=\"https:\/\/www.emplea-te.com\/noticias-oposiciones\/xunta-de-galicia-fecha-1o-ejercicio-cuerpo-superior-a1-75-plazas-turno-libre-y-administrativo-c1-102-plazas-turno-libre\/\" \/>\n<meta property=\"og:site_name\" content=\"Noticas de oposiciones por Academia Emplea-te\" \/>\n<meta property=\"article:publisher\" content=\"https:\/\/www.facebook.com\/AcademiaEmpleate\/\" \/>\n<meta property=\"article:published_time\" content=\"2023-05-30T08:10:39+00:00\" \/>\n<meta name=\"author\" content=\"Empleate\" \/>\n<meta name=\"twitter:card\" content=\"summary_large_image\" \/>\n<meta name=\"twitter:creator\" content=\"@Emplea_Te\" \/>\n<meta name=\"twitter:site\" content=\"@Emplea_Te\" \/>\n<meta name=\"twitter:label1\" content=\"Escrito por\" \/>\n\t<meta name=\"twitter:data1\" content=\"Empleate\" \/>\n\t<meta name=\"twitter:label2\" content=\"Tiempo de lectura\" \/>\n\t<meta name=\"twitter:data2\" content=\"2 minutos\" \/>\n<script type=\"application\/ld+json\" class=\"yoast-schema-graph\">{\"@context\":\"https:\\\/\\\/schema.org\",\"@graph\":[{\"@type\":\"Article\",\"@id\":\"https:\\\/\\\/www.emplea-te.com\\\/noticias-oposiciones\\\/xunta-de-galicia-fecha-1o-ejercicio-cuerpo-superior-a1-75-plazas-turno-libre-y-administrativo-c1-102-plazas-turno-libre\\\/#article\",\"isPartOf\":{\"@id\":\"https:\\\/\\\/www.emplea-te.com\\\/noticias-oposiciones\\\/xunta-de-galicia-fecha-1o-ejercicio-cuerpo-superior-a1-75-plazas-turno-libre-y-administrativo-c1-102-plazas-turno-libre\\\/\"},\"author\":{\"name\":\"Empleate\",\"@id\":\"https:\\\/\\\/www.emplea-te.com\\\/noticias-oposiciones\\\/#\\\/schema\\\/person\\\/d1bc587e1af2b95e9c32aba1795509a6\"},\"headline\":\"Xunta de Galicia. Fecha 1\u00ba ejercicio Cuerpo Superior A1 (75 plazas turno libre) y Administrativo C1 (102 plazas turno libre).\",\"datePublished\":\"2023-05-30T08:10:39+00:00\",\"mainEntityOfPage\":{\"@id\":\"https:\\\/\\\/www.emplea-te.com\\\/noticias-oposiciones\\\/xunta-de-galicia-fecha-1o-ejercicio-cuerpo-superior-a1-75-plazas-turno-libre-y-administrativo-c1-102-plazas-turno-libre\\\/\"},\"wordCount\":406,\"publisher\":{\"@id\":\"https:\\\/\\\/www.emplea-te.com\\\/noticias-oposiciones\\\/#organization\"},\"keywords\":[\"Acceso libre\",\"Fecha ex\u00e1menes\",\"Informaci\u00f3n procesos selectivos\"],\"articleSection\":[\"Oposiciones Auton\u00f3micas Galicia\",\"Oposiciones Xunta\"],\"inLanguage\":\"es\"},{\"@type\":\"WebPage\",\"@id\":\"https:\\\/\\\/www.emplea-te.com\\\/noticias-oposiciones\\\/xunta-de-galicia-fecha-1o-ejercicio-cuerpo-superior-a1-75-plazas-turno-libre-y-administrativo-c1-102-plazas-turno-libre\\\/\",\"url\":\"https:\\\/\\\/www.emplea-te.com\\\/noticias-oposiciones\\\/xunta-de-galicia-fecha-1o-ejercicio-cuerpo-superior-a1-75-plazas-turno-libre-y-administrativo-c1-102-plazas-turno-libre\\\/\",\"name\":\"Xunta de Galicia. Convocatoria procesos selectivos.\",\"isPartOf\":{\"@id\":\"https:\\\/\\\/www.emplea-te.com\\\/noticias-oposiciones\\\/#website\"},\"datePublished\":\"2023-05-30T08:10:39+00:00\",\"description\":\"Xunta de Galicia. Fecha 1\u00ba ejercicio Cuerpo Superior A1 (75 plazas turno libre) y Administrativo C1 (102 plazas turno libre).\",\"breadcrumb\":{\"@id\":\"https:\\\/\\\/www.emplea-te.com\\\/noticias-oposiciones\\\/xunta-de-galicia-fecha-1o-ejercicio-cuerpo-superior-a1-75-plazas-turno-libre-y-administrativo-c1-102-plazas-turno-libre\\\/#breadcrumb\"},\"inLanguage\":\"es\",\"potentialAction\":[{\"@type\":\"ReadAction\",\"target\":[\"https:\\\/\\\/www.emplea-te.com\\\/noticias-oposiciones\\\/xunta-de-galicia-fecha-1o-ejercicio-cuerpo-superior-a1-75-plazas-turno-libre-y-administrativo-c1-102-plazas-turno-libre\\\/\"]}]},{\"@type\":\"BreadcrumbList\",\"@id\":\"https:\\\/\\\/www.emplea-te.com\\\/noticias-oposiciones\\\/xunta-de-galicia-fecha-1o-ejercicio-cuerpo-superior-a1-75-plazas-turno-libre-y-administrativo-c1-102-plazas-turno-libre\\\/#breadcrumb\",\"itemListElement\":[{\"@type\":\"ListItem\",\"position\":1,\"name\":\"Noticias Oposiciones\",\"item\":\"https:\\\/\\\/www.emplea-te.com\\\/noticias-oposiciones\\\/\"},{\"@type\":\"ListItem\",\"position\":2,\"name\":\"Oposiciones Xunta\",\"item\":\"https:\\\/\\\/www.emplea-te.com\\\/noticias-oposiciones\\\/categoria\\\/oposiciones-xunta\\\/\"},{\"@type\":\"ListItem\",\"position\":3,\"name\":\"Xunta de Galicia. Fecha 1\u00ba ejercicio Cuerpo Superior A1 (75 plazas turno libre) y Administrativo C1 (102 plazas turno libre).\"}]},{\"@type\":\"WebSite\",\"@id\":\"https:\\\/\\\/www.emplea-te.com\\\/noticias-oposiciones\\\/#website\",\"url\":\"https:\\\/\\\/www.emplea-te.com\\\/noticias-oposiciones\\\/\",\"name\":\"Noticas de oposiciones por Academia Emplea-te\",\"description\":\"Toda la actualidad de las ofertas y convocatorias.\",\"publisher\":{\"@id\":\"https:\\\/\\\/www.emplea-te.com\\\/noticias-oposiciones\\\/#organization\"},\"potentialAction\":[{\"@type\":\"SearchAction\",\"target\":{\"@type\":\"EntryPoint\",\"urlTemplate\":\"https:\\\/\\\/www.emplea-te.com\\\/noticias-oposiciones\\\/?s={search_term_string}\"},\"query-input\":{\"@type\":\"PropertyValueSpecification\",\"valueRequired\":true,\"valueName\":\"search_term_string\"}}],\"inLanguage\":\"es\"},{\"@type\":\"Organization\",\"@id\":\"https:\\\/\\\/www.emplea-te.com\\\/noticias-oposiciones\\\/#organization\",\"name\":\"Academia de oposiciones Empl\u00e9ate\",\"url\":\"https:\\\/\\\/www.emplea-te.com\\\/noticias-oposiciones\\\/\",\"logo\":{\"@type\":\"ImageObject\",\"inLanguage\":\"es\",\"@id\":\"https:\\\/\\\/www.emplea-te.com\\\/noticias-oposiciones\\\/#\\\/schema\\\/logo\\\/image\\\/\",\"url\":\"https:\\\/\\\/www.emplea-te.com\\\/noticias-oposiciones\\\/wp-content\\\/uploads\\\/2019\\\/04\\\/empleate.jpg\",\"contentUrl\":\"https:\\\/\\\/www.emplea-te.com\\\/noticias-oposiciones\\\/wp-content\\\/uploads\\\/2019\\\/04\\\/empleate.jpg\",\"width\":250,\"height\":150,\"caption\":\"Academia de oposiciones Empl\u00e9ate\"},\"image\":{\"@id\":\"https:\\\/\\\/www.emplea-te.com\\\/noticias-oposiciones\\\/#\\\/schema\\\/logo\\\/image\\\/\"},\"sameAs\":[\"https:\\\/\\\/www.facebook.com\\\/AcademiaEmpleate\\\/\",\"https:\\\/\\\/x.com\\\/Emplea_Te\",\"https:\\\/\\\/www.instagram.com\\\/academia_empleate\\\/\"]},{\"@type\":\"Person\",\"@id\":\"https:\\\/\\\/www.emplea-te.com\\\/noticias-oposiciones\\\/#\\\/schema\\\/person\\\/d1bc587e1af2b95e9c32aba1795509a6\",\"name\":\"Empleate\"}]}<\/script>\n<!-- \/ Yoast SEO plugin. -->","yoast_head_json":{"title":"Xunta de Galicia. Convocatoria procesos selectivos.","description":"Xunta de Galicia. Fecha 1\u00ba ejercicio Cuerpo Superior A1 (75 plazas turno libre) y Administrativo C1 (102 plazas turno libre).","robots":{"index":"index","follow":"follow","max-snippet":"max-snippet:-1","max-image-preview":"max-image-preview:large","max-video-preview":"max-video-preview:-1"},"canonical":"https:\/\/www.emplea-te.com\/noticias-oposiciones\/xunta-de-galicia-fecha-1o-ejercicio-cuerpo-superior-a1-75-plazas-turno-libre-y-administrativo-c1-102-plazas-turno-libre\/","og_locale":"es_ES","og_type":"article","og_title":"Xunta de Galicia. Convocatoria procesos selectivos.","og_description":"Xunta de Galicia. Fecha 1\u00ba ejercicio Cuerpo Superior A1 (75 plazas turno libre) y Administrativo C1 (102 plazas turno libre).","og_url":"https:\/\/www.emplea-te.com\/noticias-oposiciones\/xunta-de-galicia-fecha-1o-ejercicio-cuerpo-superior-a1-75-plazas-turno-libre-y-administrativo-c1-102-plazas-turno-libre\/","og_site_name":"Noticas de oposiciones por Academia Emplea-te","article_publisher":"https:\/\/www.facebook.com\/AcademiaEmpleate\/","article_published_time":"2023-05-30T08:10:39+00:00","author":"Empleate","twitter_card":"summary_large_image","twitter_creator":"@Emplea_Te","twitter_site":"@Emplea_Te","twitter_misc":{"Escrito por":"Empleate","Tiempo de lectura":"2 minutos"},"schema":{"@context":"https:\/\/schema.org","@graph":[{"@type":"Article","@id":"https:\/\/www.emplea-te.com\/noticias-oposiciones\/xunta-de-galicia-fecha-1o-ejercicio-cuerpo-superior-a1-75-plazas-turno-libre-y-administrativo-c1-102-plazas-turno-libre\/#article","isPartOf":{"@id":"https:\/\/www.emplea-te.com\/noticias-oposiciones\/xunta-de-galicia-fecha-1o-ejercicio-cuerpo-superior-a1-75-plazas-turno-libre-y-administrativo-c1-102-plazas-turno-libre\/"},"author":{"name":"Empleate","@id":"https:\/\/www.emplea-te.com\/noticias-oposiciones\/#\/schema\/person\/d1bc587e1af2b95e9c32aba1795509a6"},"headline":"Xunta de Galicia. Fecha 1\u00ba ejercicio Cuerpo Superior A1 (75 plazas turno libre) y Administrativo C1 (102 plazas turno libre).","datePublished":"2023-05-30T08:10:39+00:00","mainEntityOfPage":{"@id":"https:\/\/www.emplea-te.com\/noticias-oposiciones\/xunta-de-galicia-fecha-1o-ejercicio-cuerpo-superior-a1-75-plazas-turno-libre-y-administrativo-c1-102-plazas-turno-libre\/"},"wordCount":406,"publisher":{"@id":"https:\/\/www.emplea-te.com\/noticias-oposiciones\/#organization"},"keywords":["Acceso libre","Fecha ex\u00e1menes","Informaci\u00f3n procesos selectivos"],"articleSection":["Oposiciones Auton\u00f3micas Galicia","Oposiciones Xunta"],"inLanguage":"es"},{"@type":"WebPage","@id":"https:\/\/www.emplea-te.com\/noticias-oposiciones\/xunta-de-galicia-fecha-1o-ejercicio-cuerpo-superior-a1-75-plazas-turno-libre-y-administrativo-c1-102-plazas-turno-libre\/","url":"https:\/\/www.emplea-te.com\/noticias-oposiciones\/xunta-de-galicia-fecha-1o-ejercicio-cuerpo-superior-a1-75-plazas-turno-libre-y-administrativo-c1-102-plazas-turno-libre\/","name":"Xunta de Galicia. Convocatoria procesos selectivos.","isPartOf":{"@id":"https:\/\/www.emplea-te.com\/noticias-oposiciones\/#website"},"datePublished":"2023-05-30T08:10:39+00:00","description":"Xunta de Galicia. Fecha 1\u00ba ejercicio Cuerpo Superior A1 (75 plazas turno libre) y Administrativo C1 (102 plazas turno libre).","breadcrumb":{"@id":"https:\/\/www.emplea-te.com\/noticias-oposiciones\/xunta-de-galicia-fecha-1o-ejercicio-cuerpo-superior-a1-75-plazas-turno-libre-y-administrativo-c1-102-plazas-turno-libre\/#breadcrumb"},"inLanguage":"es","potentialAction":[{"@type":"ReadAction","target":["https:\/\/www.emplea-te.com\/noticias-oposiciones\/xunta-de-galicia-fecha-1o-ejercicio-cuerpo-superior-a1-75-plazas-turno-libre-y-administrativo-c1-102-plazas-turno-libre\/"]}]},{"@type":"BreadcrumbList","@id":"https:\/\/www.emplea-te.com\/noticias-oposiciones\/xunta-de-galicia-fecha-1o-ejercicio-cuerpo-superior-a1-75-plazas-turno-libre-y-administrativo-c1-102-plazas-turno-libre\/#breadcrumb","itemListElement":[{"@type":"ListItem","position":1,"name":"Noticias Oposiciones","item":"https:\/\/www.emplea-te.com\/noticias-oposiciones\/"},{"@type":"ListItem","position":2,"name":"Oposiciones Xunta","item":"https:\/\/www.emplea-te.com\/noticias-oposiciones\/categoria\/oposiciones-xunta\/"},{"@type":"ListItem","position":3,"name":"Xunta de Galicia. Fecha 1\u00ba ejercicio Cuerpo Superior A1 (75 plazas turno libre) y Administrativo C1 (102 plazas turno libre)."}]},{"@type":"WebSite","@id":"https:\/\/www.emplea-te.com\/noticias-oposiciones\/#website","url":"https:\/\/www.emplea-te.com\/noticias-oposiciones\/","name":"Noticas de oposiciones por Academia Emplea-te","description":"Toda la actualidad de las ofertas y convocatorias.","publisher":{"@id":"https:\/\/www.emplea-te.com\/noticias-oposiciones\/#organization"},"potentialAction":[{"@type":"SearchAction","target":{"@type":"EntryPoint","urlTemplate":"https:\/\/www.emplea-te.com\/noticias-oposiciones\/?s={search_term_string}"},"query-input":{"@type":"PropertyValueSpecification","valueRequired":true,"valueName":"search_term_string"}}],"inLanguage":"es"},{"@type":"Organization","@id":"https:\/\/www.emplea-te.com\/noticias-oposiciones\/#organization","name":"Academia de oposiciones Empl\u00e9ate","url":"https:\/\/www.emplea-te.com\/noticias-oposiciones\/","logo":{"@type":"ImageObject","inLanguage":"es","@id":"https:\/\/www.emplea-te.com\/noticias-oposiciones\/#\/schema\/logo\/image\/","url":"https:\/\/www.emplea-te.com\/noticias-oposiciones\/wp-content\/uploads\/2019\/04\/empleate.jpg","contentUrl":"https:\/\/www.emplea-te.com\/noticias-oposiciones\/wp-content\/uploads\/2019\/04\/empleate.jpg","width":250,"height":150,"caption":"Academia de oposiciones Empl\u00e9ate"},"image":{"@id":"https:\/\/www.emplea-te.com\/noticias-oposiciones\/#\/schema\/logo\/image\/"},"sameAs":["https:\/\/www.facebook.com\/AcademiaEmpleate\/","https:\/\/x.com\/Emplea_Te","https:\/\/www.instagram.com\/academia_empleate\/"]},{"@type":"Person","@id":"https:\/\/www.emplea-te.com\/noticias-oposiciones\/#\/schema\/person\/d1bc587e1af2b95e9c32aba1795509a6","name":"Empleate"}]}},"_links":{"self":[{"href":"https:\/\/www.emplea-te.com\/noticias-oposiciones\/wp-json\/wp\/v2\/posts\/9999","targetHints":{"allow":["GET"]}}],"collection":[{"href":"https:\/\/www.emplea-te.com\/noticias-oposiciones\/wp-json\/wp\/v2\/posts"}],"about":[{"href":"https:\/\/www.emplea-te.com\/noticias-oposiciones\/wp-json\/wp\/v2\/types\/post"}],"author":[{"embeddable":true,"href":"https:\/\/www.emplea-te.com\/noticias-oposiciones\/wp-json\/wp\/v2\/users\/1"}],"replies":[{"embeddable":true,"href":"https:\/\/www.emplea-te.com\/noticias-oposiciones\/wp-json\/wp\/v2\/comments?post=9999"}],"version-history":[{"count":1,"href":"https:\/\/www.emplea-te.com\/noticias-oposiciones\/wp-json\/wp\/v2\/posts\/9999\/revisions"}],"predecessor-version":[{"id":10000,"href":"https:\/\/www.emplea-te.com\/noticias-oposiciones\/wp-json\/wp\/v2\/posts\/9999\/revisions\/10000"}],"wp:attachment":[{"href":"https:\/\/www.emplea-te.com\/noticias-oposiciones\/wp-json\/wp\/v2\/media?parent=9999"}],"wp:term":[{"taxonomy":"category","embeddable":true,"href":"https:\/\/www.emplea-te.com\/noticias-oposiciones\/wp-json\/wp\/v2\/categories?post=9999"},{"taxonomy":"post_tag","embeddable":true,"href":"https:\/\/www.emplea-te.com\/noticias-oposiciones\/wp-json\/wp\/v2\/tags?post=9999"}],"curies":[{"name":"wp","href":"https:\/\/api.w.org\/{rel}","templated":true}]}}